{"id":64100,"date":"2025-03-06T10:13:39","date_gmt":"2025-03-06T09:13:39","guid":{"rendered":"https:\/\/arcusin.isocialdev.com\/?p=64100"},"modified":"2025-03-06T11:49:33","modified_gmt":"2025-03-06T10:49:33","slug":"avenir-arcusin","status":"publish","type":"post","link":"https:\/\/arcusin.isocialdev.com\/fr\/avenir-arcusin\/","title":{"rendered":"Une innovation anim\u00e9e par l\u2019\u00e2me: la force qui propulse l\u2019avenir d\u2019Arcusin"},"content":{"rendered":"<p><strong>Depuis pr\u00e8s de cinquante ans, Arcusin s\u2019est distingu\u00e9 par sa capacit\u00e9 d\u2019adaptation \u00e0 un monde en perp\u00e9tuelle \u00e9volution et par son engagement ind\u00e9fectible envers le secteur agricole.<\/strong><\/p>\n<p>Notre essence repose sur la volont\u00e9 d\u2019aider les agriculteurs du monde entier, mais aussi sur notre engagement envers la technologie, l\u2019innovation et le leadership inspirant de ceux qui nous guident.<\/p>\n<p>Cet esprit s\u2019est pleinement manifest\u00e9 lors de la 9\u1d49 Trobada #LleidaDigital, un \u00e9v\u00e9nement r\u00e9unissant des entrepreneurs et des dirigeants influents pour d\u00e9battre des d\u00e9fis et des opportunit\u00e9s du monde actuel. L\u2019un des moments forts a \u00e9t\u00e9 l\u2019intervention de notre CEO, Blanca Cusin\u00e9, dont l\u2019\u00e9nergie et la vision ont captiv\u00e9 l\u2019audience, faisant d\u2019elle l\u2019une des conf\u00e9renci\u00e8res les plus applaudies.<\/p>\n<p>Blanca a partag\u00e9 la table ronde avec Joan Talarn, pr\u00e9sident de la Diputaci\u00f3 de Lleida, Jaume Alsina, directeur g\u00e9n\u00e9ral de Bon \u00c0rea, ainsi que le c\u00e9l\u00e8bre entrepreneur et milliardaire espagnol Jos\u00e9 El\u00edas, propri\u00e9taire, entre autres, d\u2019Audax Renovables et La Sirena. Ce dernier, impressionn\u00e9 par la clart\u00e9 et la force de Blanca, a \u00e9t\u00e9 l\u2019un de ceux qui ont le plus salu\u00e9 son intervention.<\/p>\n<p>Lors de son discours, Cusin\u00e9 ne s\u2019est pas content\u00e9e de pr\u00e9senter des donn\u00e9es ou des strat\u00e9gies commerciales ; son approche allait bien au-del\u00e0. Elle a parl\u00e9 de d\u00e9fis, d\u2019incertitudes, mais aussi d\u2019opportunit\u00e9s. Elle a exprim\u00e9 son inqui\u00e9tude quant \u00e0 l\u2019impact des tensions g\u00e9opolitiques et des tarifs douaniers impos\u00e9s par l\u2019administration Trump aux \u00c9tats-Unis. Pourtant, loin de se focaliser sur le pessimisme, elle a offert une vision optimiste et inspirante bas\u00e9e sur une dynamique constante : des actions et des solutions.<\/p>\n<p><img loading=\"lazy\" decoding=\"async\" class=\"aligncenter wp-image-64094 size-large\" src=\"https:\/\/arcusin.isocialdev.com\/wp-content\/uploads\/2025\/03\/Blanca-Cusine-Trobada-Empresarial-Lleida-Digital-3-819x1024.jpg\" alt=\"\" width=\"800\" height=\"1000\" srcset=\"https:\/\/arcusin.isocialdev.com\/wp-content\/uploads\/2025\/03\/Blanca-Cusine-Trobada-Empresarial-Lleida-Digital-3-819x1024.jpg 819w, https:\/\/arcusin.isocialdev.com\/wp-content\/uploads\/2025\/03\/Blanca-Cusine-Trobada-Empresarial-Lleida-Digital-3-scaled-600x750.jpg 600w, https:\/\/arcusin.isocialdev.com\/wp-content\/uploads\/2025\/03\/Blanca-Cusine-Trobada-Empresarial-Lleida-Digital-3-240x300.jpg 240w, https:\/\/arcusin.isocialdev.com\/wp-content\/uploads\/2025\/03\/Blanca-Cusine-Trobada-Empresarial-Lleida-Digital-3-768x960.jpg 768w, https:\/\/arcusin.isocialdev.com\/wp-content\/uploads\/2025\/03\/Blanca-Cusine-Trobada-Empresarial-Lleida-Digital-3-1229x1536.jpg 1229w, https:\/\/arcusin.isocialdev.com\/wp-content\/uploads\/2025\/03\/Blanca-Cusine-Trobada-Empresarial-Lleida-Digital-3-1639x2048.jpg 1639w, https:\/\/arcusin.isocialdev.com\/wp-content\/uploads\/2025\/03\/Blanca-Cusine-Trobada-Empresarial-Lleida-Digital-3-scaled.jpg 2048w\" sizes=\"auto, (max-width: 800px) 100vw, 800px\" \/><\/p>\n<p>&nbsp;<\/p>\n<p>L\u2019un des sujets ayant suscit\u00e9 le plus d\u2019int\u00e9r\u00eat fut l\u2019expansion d\u2019Arcusin en Inde, o\u00f9 nos machines joueront un r\u00f4le cl\u00e9 dans la lutte contre la pollution. Dans un pays o\u00f9 des milliers de personnes meurent chaque ann\u00e9e en raison de la mauvaise qualit\u00e9 de l\u2019air, la capacit\u00e9 de notre technologie \u00e0 collecter rapidement l\u2019exc\u00e9dent de paille et \u00e0 \u00e9viter son br\u00fblage sera une solution essentielle pour am\u00e9liorer la durabilit\u00e9 de l\u2019agriculture.<\/p>\n<p>Mais ce qui a r\u00e9ellement touch\u00e9 le public, c\u2019est sa vision et son approche humaine du leadership. Dans un monde des affaires domin\u00e9 par l\u2019imm\u00e9diatet\u00e9 et la comp\u00e9titivit\u00e9, Blanca a rappel\u00e9 que les personnes sont le moteur de tout projet. Elle a \u00e9mu l\u2019audience en \u00e9voquant l\u2019amiti\u00e9 ind\u00e9fectible entre son p\u00e8re, Manuel Cusin\u00e9, cofondateur et pr\u00e9sident d\u2019Arcusin, et Josep Ramon Pons, conseiller ex\u00e9cutif et directeur g\u00e9n\u00e9ral de l\u2019entreprise depuis vingt ans. Une relation fond\u00e9e sur la confiance et la loyaut\u00e9, qui a toujours prim\u00e9 sur les d\u00e9fis commerciaux.<\/p>\n<p><img loading=\"lazy\" decoding=\"async\" class=\"aligncenter wp-image-64091 size-large\" src=\"https:\/\/arcusin.isocialdev.com\/wp-content\/uploads\/2025\/03\/1740751325737-1024x683.jpg\" alt=\"\" width=\"800\" height=\"534\" srcset=\"https:\/\/arcusin.isocialdev.com\/wp-content\/uploads\/2025\/03\/1740751325737-1024x683.jpg 1024w, https:\/\/arcusin.isocialdev.com\/wp-content\/uploads\/2025\/03\/1740751325737-600x400.jpg 600w, https:\/\/arcusin.isocialdev.com\/wp-content\/uploads\/2025\/03\/1740751325737-300x200.jpg 300w, https:\/\/arcusin.isocialdev.com\/wp-content\/uploads\/2025\/03\/1740751325737-768x512.jpg 768w, https:\/\/arcusin.isocialdev.com\/wp-content\/uploads\/2025\/03\/1740751325737-1536x1024.jpg 1536w, https:\/\/arcusin.isocialdev.com\/wp-content\/uploads\/2025\/03\/1740751325737.jpg 2048w\" sizes=\"auto, (max-width: 800px) 100vw, 800px\" \/><\/p>\n<p>Blanca Cusin\u00e9 s\u2019est r\u00e9v\u00e9l\u00e9e bien plus qu\u2019une simple dirigeante. Sa vision inspirante, son \u00e9nergie et son engagement envers l\u2019innovation et les personnes tracent la voie vers l\u2019avenir d\u2019Arcusin.<\/p>\n","protected":false},"excerpt":{"rendered":"<p>Depuis pr\u00e8s de cinquante ans, Arcusin s\u2019est distingu\u00e9 par sa capacit\u00e9 d\u2019adaptation \u00e0 un monde en perp\u00e9tuelle \u00e9volution et par son engagement ind\u00e9fectible envers le secteur agricole.<\/p>\n","protected":false},"author":156,"featured_media":64101,"comment_status":"closed","ping_status":"closed","sticky":false,"template":"","format":"standard","meta":{"content-type":"","footnotes":""},"categories":[516],"tags":[],"class_list":["post-64100","post","type-post","status-publish","format-standard","has-post-thumbnail","hentry","category-all-fr"],"_links":{"self":[{"href":"https:\/\/arcusin.isocialdev.com\/fr\/wp-json\/wp\/v2\/posts\/64100","targetHints":{"allow":["GET"]}}],"collection":[{"href":"https:\/\/arcusin.isocialdev.com\/fr\/wp-json\/wp\/v2\/posts"}],"about":[{"href":"https:\/\/arcusin.isocialdev.com\/fr\/wp-json\/wp\/v2\/types\/post"}],"author":[{"embeddable":true,"href":"https:\/\/arcusin.isocialdev.com\/fr\/wp-json\/wp\/v2\/users\/156"}],"replies":[{"embeddable":true,"href":"https:\/\/arcusin.isocialdev.com\/fr\/wp-json\/wp\/v2\/comments?post=64100"}],"version-history":[{"count":4,"href":"https:\/\/arcusin.isocialdev.com\/fr\/wp-json\/wp\/v2\/posts\/64100\/revisions"}],"predecessor-version":[{"id":64127,"href":"https:\/\/arcusin.isocialdev.com\/fr\/wp-json\/wp\/v2\/posts\/64100\/revisions\/64127"}],"wp:featuredmedia":[{"embeddable":true,"href":"https:\/\/arcusin.isocialdev.com\/fr\/wp-json\/wp\/v2\/media\/64101"}],"wp:attachment":[{"href":"https:\/\/arcusin.isocialdev.com\/fr\/wp-json\/wp\/v2\/media?parent=64100"}],"wp:term":[{"taxonomy":"category","embeddable":true,"href":"https:\/\/arcusin.isocialdev.com\/fr\/wp-json\/wp\/v2\/categories?post=64100"},{"taxonomy":"post_tag","embeddable":true,"href":"https:\/\/arcusin.isocialdev.com\/fr\/wp-json\/wp\/v2\/tags?post=64100"}],"curies":[{"name":"wp","href":"https:\/\/api.w.org\/{rel}","templated":true}]}}