{"id":54981,"date":"2024-07-08T11:30:50","date_gmt":"2024-07-08T11:30:50","guid":{"rendered":"https:\/\/arcusin.isocialdev.com\/?p=54981"},"modified":"2024-08-21T10:49:15","modified_gmt":"2024-08-21T10:49:15","slug":"arcusin-realise-sa-transition-generationnelle-au-leadership","status":"publish","type":"post","link":"https:\/\/arcusin.isocialdev.com\/fr\/arcusin-realise-sa-transition-generationnelle-au-leadership\/","title":{"rendered":"Arcusin r\u00e9alise sa transition g\u00e9n\u00e9rationnelle au leadership"},"content":{"rendered":"<p><strong>Blanca Cusin\u00e9 a \u00e9t\u00e9 nomm\u00e9e PDG d&rsquo;Arcusin, rempla\u00e7ant Josep Ramon Pons qui a dirig\u00e9 l&rsquo;entreprise pendant les 20 derni\u00e8res ann\u00e9es. \u00c0 ses c\u00f4t\u00e9s, Ferran Cusin\u00e9 prend la direction du d\u00e9partement d&rsquo;Ing\u00e9nierie et de R&amp;D.<\/strong><\/p>\n<p>Blanca, 34 ans, dipl\u00f4m\u00e9e en ing\u00e9nierie industrielle, a jou\u00e9 un r\u00f4le cl\u00e9 dans l&rsquo;expansion internationale d&rsquo;Arcusin, qui est d\u00e9sormais pr\u00e9sente dans plus de 60 pays et poss\u00e8de une filiale aux \u00c9tats-Unis. Ferran, 31 ans, poss\u00e8de une solide formation en administration et gestion des affaires ainsi qu&rsquo;en ing\u00e9nierie m\u00e9canique, et se concentrera sur l&rsquo;int\u00e9gration de technologies avanc\u00e9es pour am\u00e9liorer l&rsquo;efficacit\u00e9 et la productivit\u00e9 des machines agricoles d&rsquo;Arcusin.<\/p>\n<p>Manuel Cusin\u00e9, co-fondateur et pr\u00e9sident d&rsquo;Arcusin, a officialis\u00e9 la transition g\u00e9n\u00e9rationnelle, soulignant la capacit\u00e9 et la vision de la nouvelle g\u00e9n\u00e9ration pour mener l&rsquo;entreprise vers de nouveaux horizons. Il souligne que l&rsquo;expansion internationale et la diversification seront essentielles dans cette nouvelle phase, avec un accent sur les march\u00e9s \u00e9mergents et les nouveaux produits.<\/p>\n<p>Blanca souligne l&rsquo;importance de maintenir les valeurs humaines et la qualit\u00e9 de l&rsquo;\u00e9quipe, d\u00e9clarant : \u00ab\u00a0Nous devons continuer \u00e0 \u00eatre des pionniers dans le secteur des fabricants de machines agricoles sp\u00e9cialis\u00e9es avec des produits brevet\u00e9s qui am\u00e9liorent l&rsquo;efficacit\u00e9 et la productivit\u00e9 des machines. Tout cela sans perdre les valeurs humaines que notre p\u00e8re et notre grand-p\u00e8re ont instaur\u00e9es depuis la fondation d&rsquo;Arcusin : avoir une \u00e9quipe de bonnes personnes mais avec beaucoup de talent.\u00a0\u00bb Ferran, pour sa part, souligne que le principal d\u00e9fi en ing\u00e9nierie est d&rsquo;int\u00e9grer des technologies avanc\u00e9es pour relever les d\u00e9fis du secteur agricole en am\u00e9liorant l&rsquo;efficacit\u00e9 des machines et en r\u00e9pondant \u00e0 la p\u00e9nurie croissante de main-d&rsquo;\u0153uvre qualifi\u00e9e.<\/p>\n<figure id=\"attachment_54988\" aria-describedby=\"caption-attachment-54988\" style=\"width: 768px\" class=\"wp-caption aligncenter\"><img loading=\"lazy\" decoding=\"async\" class=\"wp-image-54988 size-large\" src=\"https:\/\/arcusin.isocialdev.com\/wp-content\/uploads\/2024\/07\/Arcusins-transition-3-768x1024.jpg\" alt=\"Blanca Cusin\u00e9, nouvelle PDG d'Arcusin\" width=\"768\" height=\"1024\" srcset=\"https:\/\/arcusin.isocialdev.com\/wp-content\/uploads\/2024\/07\/Arcusins-transition-3-768x1024.jpg 768w, https:\/\/arcusin.isocialdev.com\/wp-content\/uploads\/2024\/07\/Arcusins-transition-3-scaled-600x800.jpg 600w, https:\/\/arcusin.isocialdev.com\/wp-content\/uploads\/2024\/07\/Arcusins-transition-3-225x300.jpg 225w, https:\/\/arcusin.isocialdev.com\/wp-content\/uploads\/2024\/07\/Arcusins-transition-3-1152x1536.jpg 1152w, https:\/\/arcusin.isocialdev.com\/wp-content\/uploads\/2024\/07\/Arcusins-transition-3-1536x2048.jpg 1536w, https:\/\/arcusin.isocialdev.com\/wp-content\/uploads\/2024\/07\/Arcusins-transition-3-scaled.jpg 1920w\" sizes=\"auto, (max-width: 768px) 100vw, 768px\" \/><figcaption id=\"caption-attachment-54988\" class=\"wp-caption-text\"><em>De gauche \u00e0 droite : Manuel Cusin\u00e9, Ferran Cusin\u00e9, Blanca Cusin\u00e9 et Josep Ramon Pons, au si\u00e8ge central d&rsquo;Arcusin.<\/em><\/figcaption><\/figure>\n<p>Josep Ramon Pons restera dans l&rsquo;entreprise et aussi en tant que membre du Conseil consultatif, contribuant avec son immense exp\u00e9rience au plan strat\u00e9gique d&rsquo;Arcusin. L&rsquo;entreprise, fond\u00e9e en 1976 par Armando et Manuel Cusin\u00e9, se consacre \u00e0 la conception, \u00e0 la fabrication et \u00e0 la vente de machines agricoles sp\u00e9cialis\u00e9es. Sa mission est de faciliter le travail des agriculteurs du monde entier en leur fournissant des solutions efficaces et rentables. Avec un solide r\u00e9seau de distributeurs et un engagement envers l&rsquo;innovation, Arcusin continue de diriger le secteur des machines agricoles sp\u00e9cialis\u00e9es pour la manipulation des balles.<\/p>\n","protected":false},"excerpt":{"rendered":"<p>Blanca Cusin\u00e9, nouvelle PDG d&rsquo;Arcusin; Ferran Cusin\u00e9, Directeur de l&rsquo;Ing\u00e9nierie et de la R&#038;D<\/p>\n","protected":false},"author":156,"featured_media":54988,"comment_status":"open","ping_status":"open","sticky":false,"template":"","format":"standard","meta":{"content-type":"","footnotes":""},"categories":[5],"tags":[],"class_list":["post-54981","post","type-post","status-publish","format-standard","has-post-thumbnail","hentry","category-toutes"],"_links":{"self":[{"href":"https:\/\/arcusin.isocialdev.com\/fr\/wp-json\/wp\/v2\/posts\/54981","targetHints":{"allow":["GET"]}}],"collection":[{"href":"https:\/\/arcusin.isocialdev.com\/fr\/wp-json\/wp\/v2\/posts"}],"about":[{"href":"https:\/\/arcusin.isocialdev.com\/fr\/wp-json\/wp\/v2\/types\/post"}],"author":[{"embeddable":true,"href":"https:\/\/arcusin.isocialdev.com\/fr\/wp-json\/wp\/v2\/users\/156"}],"replies":[{"embeddable":true,"href":"https:\/\/arcusin.isocialdev.com\/fr\/wp-json\/wp\/v2\/comments?post=54981"}],"version-history":[{"count":3,"href":"https:\/\/arcusin.isocialdev.com\/fr\/wp-json\/wp\/v2\/posts\/54981\/revisions"}],"predecessor-version":[{"id":55074,"href":"https:\/\/arcusin.isocialdev.com\/fr\/wp-json\/wp\/v2\/posts\/54981\/revisions\/55074"}],"wp:featuredmedia":[{"embeddable":true,"href":"https:\/\/arcusin.isocialdev.com\/fr\/wp-json\/wp\/v2\/media\/54988"}],"wp:attachment":[{"href":"https:\/\/arcusin.isocialdev.com\/fr\/wp-json\/wp\/v2\/media?parent=54981"}],"wp:term":[{"taxonomy":"category","embeddable":true,"href":"https:\/\/arcusin.isocialdev.com\/fr\/wp-json\/wp\/v2\/categories?post=54981"},{"taxonomy":"post_tag","embeddable":true,"href":"https:\/\/arcusin.isocialdev.com\/fr\/wp-json\/wp\/v2\/tags?post=54981"}],"curies":[{"name":"wp","href":"https:\/\/api.w.org\/{rel}","templated":true}]}}