{"id":37642,"date":"2023-06-01T11:04:13","date_gmt":"2023-06-01T11:04:13","guid":{"rendered":"https:\/\/arcusin.isocialdev.com\/arcusin-returns-to-lerma-located-in-the-heart-of-castilla-y-leon\/"},"modified":"2024-07-25T06:15:26","modified_gmt":"2024-07-25T06:15:26","slug":"arcusin-returns-to-lerma-located-in-the-heart-of-castilla-y-leon","status":"publish","type":"post","link":"https:\/\/arcusin.isocialdev.com\/fr\/arcusin-returns-to-lerma-located-in-the-heart-of-castilla-y-leon\/","title":{"rendered":"Arcusin retourne \u00e0 Lerma une ann\u00e9e de plus, situ\u00e9e au c\u0153ur de Castilla y Le\u00f3n"},"content":{"rendered":"<h2>Salon Lerma 2017<\/h2>\n<div>\n<p><b>Le Salon Lerma<\/b>; L\u2019impr\u00e9visible, l&rsquo;\u00e9tonnant, fascinant, celui qui remplit notre valise avec des v\u00eatements, puisque vous ne savez jamais si \u00e7a va \u00eatre froid ou chaud, ou les deux. Cette ann\u00e9e, a-\u00e9t\u00e9 le pire sc\u00e9nario possible pour les exposants: <b>froid, venteux et pluvieux<\/b>. Mais n\u00e9anmoins un public fid\u00e8le a assist\u00e9 comme d&rsquo;habitude.<\/p>\n<p><b>Fra\u00eeche ou chaude, Arcusin a assist\u00e9 au spectacle avec ses derniers mod\u00e8les, mettant en lumi\u00e8re le nouvel accumulateur de balles Forstack 12 qui a \u00e9t\u00e9 l&rsquo;\u00e9quipement le plus demand\u00e9 par nos visiteurs.<\/b><\/p>\n<p>L&rsquo;inconv\u00e9nient est la <b>grande s\u00e9cheresse en Castille-Le\u00f3n<\/b>, bien que ceux qui voient la moiti\u00e9 du verre plein pense que ce n&rsquo;est pas mal si elle sert \u00e0 vendre \u00e0 \u00a0bon prix les importants stocks accumul\u00e9es de la saison pr\u00e9c\u00e9dente; apr\u00e8s tout, \u00a0\u00ab <b>il n&rsquo;y a pas de mauvais dont bon doublure en argent <\/b>\u00bb. Ainsi, \u00e0 la fin, gr\u00e2ce aux quatre gouttes de pluie, ils \u00a0ont attis\u00e9 les quelques espoirs de faire revivre une campagne perdue et ont donn\u00e9 lieu \u00e0 une finale de foire \u00e9nigmatique.<\/p>\n<\/div>\n","protected":false},"excerpt":{"rendered":"<p>Apr\u00e8s l\u2019arr\u00eat d\u00fb \u00e0 la pand\u00e9mie et une ann\u00e9e post-Covid avec une faible affluence, le salon agricole de Lerma retrouve son succ\u00e8s en 2023 avec plus de 240 exposants et 100.000 visiteurs. Ce salon a toujours \u00e9t\u00e9 une r\u00e9f\u00e9rence nationale pour Arcusin car il est situ\u00e9 au c\u0153ur de Castilla et Le\u00f3n, dans l\u2019une des zones les plus productives en c\u00e9r\u00e9ales et en paille d\u2019Espagne.<\/p>\n","protected":false},"author":156,"featured_media":37943,"comment_status":"open","ping_status":"open","sticky":false,"template":"","format":"standard","meta":{"content-type":"","footnotes":""},"categories":[391],"tags":[],"class_list":["post-37642","post","type-post","status-publish","format-standard","has-post-thumbnail","hentry","category-a-propos-darcusin"],"_links":{"self":[{"href":"https:\/\/arcusin.isocialdev.com\/fr\/wp-json\/wp\/v2\/posts\/37642","targetHints":{"allow":["GET"]}}],"collection":[{"href":"https:\/\/arcusin.isocialdev.com\/fr\/wp-json\/wp\/v2\/posts"}],"about":[{"href":"https:\/\/arcusin.isocialdev.com\/fr\/wp-json\/wp\/v2\/types\/post"}],"author":[{"embeddable":true,"href":"https:\/\/arcusin.isocialdev.com\/fr\/wp-json\/wp\/v2\/users\/156"}],"replies":[{"embeddable":true,"href":"https:\/\/arcusin.isocialdev.com\/fr\/wp-json\/wp\/v2\/comments?post=37642"}],"version-history":[{"count":2,"href":"https:\/\/arcusin.isocialdev.com\/fr\/wp-json\/wp\/v2\/posts\/37642\/revisions"}],"predecessor-version":[{"id":55747,"href":"https:\/\/arcusin.isocialdev.com\/fr\/wp-json\/wp\/v2\/posts\/37642\/revisions\/55747"}],"wp:featuredmedia":[{"embeddable":true,"href":"https:\/\/arcusin.isocialdev.com\/fr\/wp-json\/wp\/v2\/media\/37943"}],"wp:attachment":[{"href":"https:\/\/arcusin.isocialdev.com\/fr\/wp-json\/wp\/v2\/media?parent=37642"}],"wp:term":[{"taxonomy":"category","embeddable":true,"href":"https:\/\/arcusin.isocialdev.com\/fr\/wp-json\/wp\/v2\/categories?post=37642"},{"taxonomy":"post_tag","embeddable":true,"href":"https:\/\/arcusin.isocialdev.com\/fr\/wp-json\/wp\/v2\/tags?post=37642"}],"curies":[{"name":"wp","href":"https:\/\/api.w.org\/{rel}","templated":true}]}}