{"id":12655,"date":"2021-12-28T00:00:00","date_gmt":"2021-12-28T00:00:00","guid":{"rendered":"https:\/\/arcusin.isocialdev.com\/arcusin-receives-an-award-for-its-leadership-in-innovation-and-digitalization\/"},"modified":"2024-07-08T12:20:47","modified_gmt":"2024-07-08T12:20:47","slug":"arcusin-receives-an-award-for-its-leadership-in-innovation-and-digitalization","status":"publish","type":"post","link":"https:\/\/arcusin.isocialdev.com\/fr\/arcusin-receives-an-award-for-its-leadership-in-innovation-and-digitalization\/","title":{"rendered":"Arcusin re\u00e7oit un prix pour son Leadership en Innovation et Digitalisation"},"content":{"rendered":"<p>La Chambre de commerce de Lleida a accueilli la cinqui\u00e8me \u00e9dition du prix PME de l&rsquo;ann\u00e9e le 21 d\u00e9cembre en collaboration avec la <strong>Chambre de Commerce d&rsquo;Espagne et Banco Santander<\/strong>. Ces prix visent \u00e0 reconna\u00eetre les efforts d\u00e9ploy\u00e9s par les entreprises de Lleida pour g\u00e9n\u00e9rer<br \/>\nl&#8217;emploi et la richesse du territoire.<\/p>\n<p>Au cours des derni\u00e8res ann\u00e9es, <strong>Arcusin<\/strong> a connu une transformation num\u00e9rique, int\u00e9grant les technologies dans tous les domaines de notre activit\u00e9 dans le but de <strong>fournir de nouvelles opportunit\u00e9s de revenus et apporter de la valeur \u00e0 nos clients<\/strong>. Cela est devenu particuli\u00e8rement important apr\u00e8s la pand\u00e9mie depuis 2020, car nous avons \u00e9t\u00e9 oblig\u00e9s de trouver de nouvelles fa\u00e7ons de rester en contact avec nos clients internationaux et rechercher de nouvelles opportunit\u00e9s de revenus.<\/p>\n<p>Ces efforts ont \u00e9t\u00e9 reconnus mardi dernier par la Chambre de Commerce, Arcusin ayant re\u00e7u le prix pour \u00eatre une entreprise leader en innovation et en num\u00e9risation dans la province.<\/p>\n<p>Nous sommes heureux de la reconnaissance, et nous sommes extr\u00eamement fiers de notre \u00e9quipe pour tous les r\u00e9alisations qu&rsquo;ils ont accomplies ces derni\u00e8res ann\u00e9es. <strong>Nous continuerons \u00e0 nous am\u00e9liorer et faire \u00e9voluer notre entreprise pour r\u00e9pondre aux besoins de l&rsquo;industrie agricole<\/strong>.<\/p>\n<p>&nbsp;<\/p>\n<p>&nbsp;<\/p>\n","protected":false},"excerpt":{"rendered":"<p>La Chambre de commerce de Lleida a accueilli la cinqui\u00e8me \u00e9dition du prix PME de l&rsquo;ann\u00e9e le 21 d\u00e9cembre en collaboration avec la Chambre de Commerce d&rsquo;Espagne et Banco Santander. Ces prix visent \u00e0 reconna\u00eetre les efforts d\u00e9ploy\u00e9s par les entreprises de Lleida pour g\u00e9n\u00e9rer<br \/>\nl&#8217;emploi et la richesse du territoire.<\/p>\n","protected":false},"author":156,"featured_media":23842,"comment_status":"open","ping_status":"open","sticky":false,"template":"","format":"standard","meta":{"content-type":"","footnotes":""},"categories":[391,392,5],"tags":[],"class_list":["post-12655","post","type-post","status-publish","format-standard","has-post-thumbnail","hentry","category-a-propos-darcusin","category-expositions-et-evenements","category-toutes"],"_links":{"self":[{"href":"https:\/\/arcusin.isocialdev.com\/fr\/wp-json\/wp\/v2\/posts\/12655","targetHints":{"allow":["GET"]}}],"collection":[{"href":"https:\/\/arcusin.isocialdev.com\/fr\/wp-json\/wp\/v2\/posts"}],"about":[{"href":"https:\/\/arcusin.isocialdev.com\/fr\/wp-json\/wp\/v2\/types\/post"}],"author":[{"embeddable":true,"href":"https:\/\/arcusin.isocialdev.com\/fr\/wp-json\/wp\/v2\/users\/156"}],"replies":[{"embeddable":true,"href":"https:\/\/arcusin.isocialdev.com\/fr\/wp-json\/wp\/v2\/comments?post=12655"}],"version-history":[{"count":1,"href":"https:\/\/arcusin.isocialdev.com\/fr\/wp-json\/wp\/v2\/posts\/12655\/revisions"}],"predecessor-version":[{"id":51067,"href":"https:\/\/arcusin.isocialdev.com\/fr\/wp-json\/wp\/v2\/posts\/12655\/revisions\/51067"}],"wp:featuredmedia":[{"embeddable":true,"href":"https:\/\/arcusin.isocialdev.com\/fr\/wp-json\/wp\/v2\/media\/23842"}],"wp:attachment":[{"href":"https:\/\/arcusin.isocialdev.com\/fr\/wp-json\/wp\/v2\/media?parent=12655"}],"wp:term":[{"taxonomy":"category","embeddable":true,"href":"https:\/\/arcusin.isocialdev.com\/fr\/wp-json\/wp\/v2\/categories?post=12655"},{"taxonomy":"post_tag","embeddable":true,"href":"https:\/\/arcusin.isocialdev.com\/fr\/wp-json\/wp\/v2\/tags?post=12655"}],"curies":[{"name":"wp","href":"https:\/\/api.w.org\/{rel}","templated":true}]}}