{"id":12646,"date":"2019-03-14T00:00:00","date_gmt":"2019-03-14T00:00:00","guid":{"rendered":"https:\/\/arcusin.isocialdev.com\/sima-2019\/"},"modified":"2024-07-15T11:16:58","modified_gmt":"2024-07-15T11:16:58","slug":"sima-2019","status":"publish","type":"post","link":"https:\/\/arcusin.isocialdev.com\/fr\/sima-2019\/","title":{"rendered":"Salon SIMA 2019"},"content":{"rendered":"<p><span style=\"font-weight: 400;\">Du <strong>24 au 28 f\u00e9vrier<\/strong> s&rsquo;est d\u00e9roul\u00e9 \u00e0 Villepinte, \u00e0 Paris, une autre \u00e9dition du <strong>SIMA<\/strong>, <strong>le plus important salon des machines agricoles en France<\/strong>. Arcusin \u00e9tait \u00e0 nouveau pr\u00e9sent avec un stand, comme d\u2019 habitude, dans cet \u00e9v\u00e9nement au cours duquel les principales marques du secteur se r\u00e9unissent pour pr\u00e9senter leur actualit\u00e9 avant la campagne imminente.<\/span><\/p>\n<p><span style=\"font-weight: 400;\">Lors des 5 jours du salon, Arcusin a eu l\u2019occasion de saluer de nombreux clients et amis, ainsi que de renforcer sa large pr\u00e9sence sur le march\u00e9 fran\u00e7ais.<\/span><\/p>\n<p><strong>Dans cette \u00e9dition, nous avons pr\u00e9sent\u00e9 exclusivement le\u00a0dernier mod\u00e8le de groupeur de petites balles, le MultiPack C14 +, en co\u00efncidant\u00a0avec le 25e anniversaire du d\u00e9veloppement du premier mod\u00e8le, le r\u00e9volutionnaire\u00a0<\/strong><span style=\"font-weight: 400;\"><strong>MultiPack A-14.<\/strong><\/span><\/p>\n<p><span style=\"font-weight: 400;\">Comme de nombreux clients nous l&rsquo;ont signal\u00e9, le groupeur a eu un impact consid\u00e9rable sur leur activit\u00e9 et a marqu\u00e9 un avant et un apr\u00e8s dans le traitement m\u00e9canique des petites balles.<\/span><\/p>\n","protected":false},"excerpt":{"rendered":"<p>Du 24 au 28 f\u00e9vrier s&rsquo;est d\u00e9roul\u00e9 \u00e0 Villepinte, \u00e0 Paris, une autre \u00e9dition du SIMA, le plus important salon des machines agricoles en France. Arcusin \u00e9tait \u00e0 nouveau pr\u00e9sent avec un stand, comme d\u2019 habitude, dans cet \u00e9v\u00e9nement au cours duquel les principales marques du secteur se r\u00e9unissent pour pr\u00e9senter leur actualit\u00e9 avant la campagne imminente.<\/p>\n","protected":false},"author":156,"featured_media":26101,"comment_status":"open","ping_status":"open","sticky":false,"template":"","format":"standard","meta":{"content-type":"","footnotes":""},"categories":[392,5],"tags":[],"class_list":["post-12646","post","type-post","status-publish","format-standard","has-post-thumbnail","hentry","category-expositions-et-evenements","category-toutes"],"_links":{"self":[{"href":"https:\/\/arcusin.isocialdev.com\/fr\/wp-json\/wp\/v2\/posts\/12646","targetHints":{"allow":["GET"]}}],"collection":[{"href":"https:\/\/arcusin.isocialdev.com\/fr\/wp-json\/wp\/v2\/posts"}],"about":[{"href":"https:\/\/arcusin.isocialdev.com\/fr\/wp-json\/wp\/v2\/types\/post"}],"author":[{"embeddable":true,"href":"https:\/\/arcusin.isocialdev.com\/fr\/wp-json\/wp\/v2\/users\/156"}],"replies":[{"embeddable":true,"href":"https:\/\/arcusin.isocialdev.com\/fr\/wp-json\/wp\/v2\/comments?post=12646"}],"version-history":[{"count":2,"href":"https:\/\/arcusin.isocialdev.com\/fr\/wp-json\/wp\/v2\/posts\/12646\/revisions"}],"predecessor-version":[{"id":55686,"href":"https:\/\/arcusin.isocialdev.com\/fr\/wp-json\/wp\/v2\/posts\/12646\/revisions\/55686"}],"wp:featuredmedia":[{"embeddable":true,"href":"https:\/\/arcusin.isocialdev.com\/fr\/wp-json\/wp\/v2\/media\/26101"}],"wp:attachment":[{"href":"https:\/\/arcusin.isocialdev.com\/fr\/wp-json\/wp\/v2\/media?parent=12646"}],"wp:term":[{"taxonomy":"category","embeddable":true,"href":"https:\/\/arcusin.isocialdev.com\/fr\/wp-json\/wp\/v2\/categories?post=12646"},{"taxonomy":"post_tag","embeddable":true,"href":"https:\/\/arcusin.isocialdev.com\/fr\/wp-json\/wp\/v2\/tags?post=12646"}],"curies":[{"name":"wp","href":"https:\/\/api.w.org\/{rel}","templated":true}]}}