{"id":12638,"date":"2018-05-25T00:00:00","date_gmt":"2018-05-25T00:00:00","guid":{"rendered":"https:\/\/arcusin.isocialdev.com\/arcusin-le-premier-fabricant-national-a-gerer-et-a-obtenir-un-certificat-dapprobation-de-type-europeen\/"},"modified":"2024-07-08T12:03:30","modified_gmt":"2024-07-08T12:03:30","slug":"arcusin-le-premier-fabricant-national-a-gerer-et-a-obtenir-un-certificat-dapprobation-de-type-europeen","status":"publish","type":"post","link":"https:\/\/arcusin.isocialdev.com\/fr\/arcusin-le-premier-fabricant-national-a-gerer-et-a-obtenir-un-certificat-dapprobation-de-type-europeen\/","title":{"rendered":"ARCUSIN, le premier fabricant national \u00e0 g\u00e9rer et \u00e0 obtenir un certificat d&rsquo;approbation de type europ\u00e9en"},"content":{"rendered":"<p><b>MISE \u00c0 JOUR AU R\u00c8GLEMENT EUROP\u00c9EN 167\/2013<\/b><span style=\"font-weight: 400;\">, relatif \u00e0 l&rsquo;homologation des v\u00e9hicules agricoles ou forestiers.<\/span><\/p>\n<p><span style=\"font-weight: 400;\">Il y a quelques ann\u00e9es, on a commenc\u00e9 \u00e0 entendre des nouvelles concernant le fait que le Parlement europ\u00e9en travaillait avec un r\u00e8glement pour <\/span><b>unifier les crit\u00e8res d&rsquo;homologation des v\u00e9hicules agricoles et forestiers<\/b><span style=\"font-weight: 400;\">.<\/span><\/p>\n<p><b>ARCUSIN<\/b><span style=\"font-weight: 400;\">, entreprise d\u00e9di\u00e9e \u00e0 la fabrication de machines agricoles et pr\u00e9sente dans plus de 50 pays, a vu l\u00e0 une <\/span><b>opportunit\u00e9 pour unifier le libre \u00e9change au sein de l&rsquo;UE et a montr\u00e9 un grand int\u00e9r\u00eat d\u00e8s le premier jour<\/b><span style=\"font-weight: 400;\">.<\/span><\/p>\n<p><span style=\"font-weight: 400;\">Le r\u00e8glement (UE) n\u00ba 167\/2013, est entr\u00e9 en vigueur en Janvier 2016 et depuis <\/span><b>ARCUSIN<\/b><span style=\"font-weight: 400;\"> a travaill\u00e9 pour s&rsquo;adapter \u00e0 la nouvelle r\u00e9glementation qui sera obligatoire a partir du 1er Janvier 2019 en Espagne.<\/span><\/p>\n<p><b>Le 2 avril 2018, ARCUSIN a approuv\u00e9 le groupeur de balles MultiPack dans ce nouveau cadre r\u00e9glementaire,<\/b> <span style=\"color: #ff0000;\"><b>\u00e9tant le premier fabricant national \u00e0 g\u00e9rer et \u00e0 obtenir un certificat d&rsquo;approbation de type europ\u00e9en<\/b><\/span><span style=\"font-weight: 400;\">.<\/span><\/p>\n<p><b>ARCUSIN<\/b><span style=\"font-weight: 400;\"> est en train de traiter l&rsquo;homologation europ\u00e9enne des machines <\/span><b>AutoStack<\/b><span style=\"font-weight: 400;\"> et <\/span><b>ForStack<\/b><span style=\"font-weight: 400;\">, avant la fin du premier semestre 2018, et de cl\u00f4turer ainsi le cercle de mise \u00e0 jour avec ce r\u00e8glement europ\u00e9en. \u00c7a nous permettra <\/span><b>offrir \u00e0 tous nos clients europ\u00e9ens des produits de qualit\u00e9 sup\u00e9rieure avec les r\u00e8glements au plus haut niveau<\/b><span style=\"font-weight: 400;\">.<\/span><\/p>\n<p><img loading=\"lazy\" decoding=\"async\" class=\"alignnone size-full wp-image-28551\" src=\"https:\/\/arcusin.isocialdev.com\/wp-content\/uploads\/2018\/05\/ARCUSIN-NORMATIVA.jpg\" alt=\"\" width=\"1535\" height=\"1080\" srcset=\"https:\/\/arcusin.isocialdev.com\/wp-content\/uploads\/2018\/05\/ARCUSIN-NORMATIVA.jpg 1535w, https:\/\/arcusin.isocialdev.com\/wp-content\/uploads\/2018\/05\/ARCUSIN-NORMATIVA-600x422.jpg 600w, https:\/\/arcusin.isocialdev.com\/wp-content\/uploads\/2018\/05\/ARCUSIN-NORMATIVA-300x211.jpg 300w, https:\/\/arcusin.isocialdev.com\/wp-content\/uploads\/2018\/05\/ARCUSIN-NORMATIVA-1024x720.jpg 1024w, https:\/\/arcusin.isocialdev.com\/wp-content\/uploads\/2018\/05\/ARCUSIN-NORMATIVA-768x540.jpg 768w\" sizes=\"auto, (max-width: 1535px) 100vw, 1535px\" \/><\/p>\n","protected":false},"excerpt":{"rendered":"<p>ARCUSIN, entreprise d\u00e9di\u00e9e \u00e0 la fabrication de machines agricoles et pr\u00e9sente dans plus de 50 pays, a vu l\u00e0 une opportunit\u00e9 pour unifier le libre \u00e9change au sein de l&rsquo;UE et a montr\u00e9 un grand int\u00e9r\u00eat d\u00e8s le premier jour.<\/p>\n","protected":false},"author":156,"featured_media":28559,"comment_status":"open","ping_status":"open","sticky":false,"template":"","format":"standard","meta":{"content-type":"","footnotes":""},"categories":[391,393,394,5],"tags":[],"class_list":["post-12638","post","type-post","status-publish","format-standard","has-post-thumbnail","hentry","category-a-propos-darcusin","category-a-propos-de-nos-machines","category-sur-lagriculture","category-toutes"],"_links":{"self":[{"href":"https:\/\/arcusin.isocialdev.com\/fr\/wp-json\/wp\/v2\/posts\/12638","targetHints":{"allow":["GET"]}}],"collection":[{"href":"https:\/\/arcusin.isocialdev.com\/fr\/wp-json\/wp\/v2\/posts"}],"about":[{"href":"https:\/\/arcusin.isocialdev.com\/fr\/wp-json\/wp\/v2\/types\/post"}],"author":[{"embeddable":true,"href":"https:\/\/arcusin.isocialdev.com\/fr\/wp-json\/wp\/v2\/users\/156"}],"replies":[{"embeddable":true,"href":"https:\/\/arcusin.isocialdev.com\/fr\/wp-json\/wp\/v2\/comments?post=12638"}],"version-history":[{"count":1,"href":"https:\/\/arcusin.isocialdev.com\/fr\/wp-json\/wp\/v2\/posts\/12638\/revisions"}],"predecessor-version":[{"id":54973,"href":"https:\/\/arcusin.isocialdev.com\/fr\/wp-json\/wp\/v2\/posts\/12638\/revisions\/54973"}],"wp:featuredmedia":[{"embeddable":true,"href":"https:\/\/arcusin.isocialdev.com\/fr\/wp-json\/wp\/v2\/media\/28559"}],"wp:attachment":[{"href":"https:\/\/arcusin.isocialdev.com\/fr\/wp-json\/wp\/v2\/media?parent=12638"}],"wp:term":[{"taxonomy":"category","embeddable":true,"href":"https:\/\/arcusin.isocialdev.com\/fr\/wp-json\/wp\/v2\/categories?post=12638"},{"taxonomy":"post_tag","embeddable":true,"href":"https:\/\/arcusin.isocialdev.com\/fr\/wp-json\/wp\/v2\/tags?post=12638"}],"curies":[{"name":"wp","href":"https:\/\/api.w.org\/{rel}","templated":true}]}}