{"id":64089,"date":"2025-03-06T10:13:39","date_gmt":"2025-03-06T09:13:39","guid":{"rendered":"https:\/\/arcusin.isocialdev.com\/?p=64089"},"modified":"2025-03-06T10:13:39","modified_gmt":"2025-03-06T09:13:39","slug":"futuro-de-arcusin","status":"publish","type":"post","link":"https:\/\/arcusin.isocialdev.com\/es\/futuro-de-arcusin\/","title":{"rendered":"Innovaci\u00f3n con alma: el motor que impulsa el futuro de Arcusin"},"content":{"rendered":"<p><strong>Si algo ha definido Arcusin a lo largo de sus casi cincuenta a\u00f1os de vida, es su capacidad de adaptaci\u00f3n a un mundo cambiante y su compromiso inquebrantable con el sector agr\u00edcola.<\/strong><\/p>\n<p>Nuestra esencia no se entiende sin la voluntad de ayudar a los agricultores de todo el mundo, pero tampoco sin la apuesta por la tecnolog\u00eda y la innovaci\u00f3n, y sin el liderazgo de personas que inspiran.<\/p>\n<p>Este esp\u00edritu qued\u00f3 m\u00e1s que patente en la \u201c9\u00aa Trobada #LleidaDigital\u201d, un evento que reuni\u00f3 a empresarios y directivos de referencia para debatir sobre los desaf\u00edos y oportunidades del panorama actual y en el que destac\u00f3 la intervenci\u00f3n de nuestra CEO, Blanca Cusin\u00e9, cuya energ\u00eda y visi\u00f3n cautivaron a la audiencia y la convirtieron en una de las ponentes m\u00e1s aplaudidas del evento.<\/p>\n<p>Blanca comparti\u00f3 mesa redonda con el presidente de la Diputaci\u00f3 de Lleida, Joan Talarn, el director general de Bon \u00c0rea, Jaume Alsina, y el reconocido empresario y multimillonario espa\u00f1ol, Jos\u00e9 El\u00edas, due\u00f1o de, entre otras empresas, Audax Renovables y La Sirena. Este \u00faltimo, impresionado por la claridad y fuerza de Blanca, fue uno de los que m\u00e1s elogi\u00f3 su intervenci\u00f3n.<\/p>\n<p>Durante su charla, Cusin\u00e9 no se limit\u00f3 a exponer datos o estrategias empresariales y su enfoque fue mucho m\u00e1s all\u00e1. Habl\u00f3 de retos, de incertidumbre, pero tambi\u00e9n de oportunidades. Expres\u00f3 su preocupaci\u00f3n por el impacto de las tensiones geopol\u00edticas y la imposici\u00f3n de aranceles por parte de la administraci\u00f3n Trump en Estados Unidos, pero lejos de detenerse en el pesimismo, aport\u00f3 una visi\u00f3n optimista e inspiradora basada en el constante movimiento: acciones y soluciones.<\/p>\n<p><img loading=\"lazy\" decoding=\"async\" class=\"aligncenter wp-image-64094 size-large\" src=\"https:\/\/arcusin.isocialdev.com\/wp-content\/uploads\/2025\/03\/Blanca-Cusine-Trobada-Empresarial-Lleida-Digital-3-819x1024.jpg\" alt=\"\" width=\"800\" height=\"1000\" srcset=\"https:\/\/arcusin.isocialdev.com\/wp-content\/uploads\/2025\/03\/Blanca-Cusine-Trobada-Empresarial-Lleida-Digital-3-819x1024.jpg 819w, https:\/\/arcusin.isocialdev.com\/wp-content\/uploads\/2025\/03\/Blanca-Cusine-Trobada-Empresarial-Lleida-Digital-3-scaled-600x750.jpg 600w, https:\/\/arcusin.isocialdev.com\/wp-content\/uploads\/2025\/03\/Blanca-Cusine-Trobada-Empresarial-Lleida-Digital-3-240x300.jpg 240w, https:\/\/arcusin.isocialdev.com\/wp-content\/uploads\/2025\/03\/Blanca-Cusine-Trobada-Empresarial-Lleida-Digital-3-768x960.jpg 768w, https:\/\/arcusin.isocialdev.com\/wp-content\/uploads\/2025\/03\/Blanca-Cusine-Trobada-Empresarial-Lleida-Digital-3-1229x1536.jpg 1229w, https:\/\/arcusin.isocialdev.com\/wp-content\/uploads\/2025\/03\/Blanca-Cusine-Trobada-Empresarial-Lleida-Digital-3-1639x2048.jpg 1639w, https:\/\/arcusin.isocialdev.com\/wp-content\/uploads\/2025\/03\/Blanca-Cusine-Trobada-Empresarial-Lleida-Digital-3-scaled.jpg 2048w\" sizes=\"auto, (max-width: 800px) 100vw, 800px\" \/><\/p>\n<p>&nbsp;<\/p>\n<p>Uno de los temas que m\u00e1s inter\u00e9s despert\u00f3 fue la expansi\u00f3n de Arcusin en India, donde nuestra maquinaria est\u00e1 llamada a desempe\u00f1ar un papel crucial en la lucha contra la contaminaci\u00f3n. En un pa\u00eds donde miles de personas mueren cada a\u00f1o debido a la mala calidad del aire, la capacidad de nuestra tecnolog\u00eda para recoger el excedente de paja r\u00e1pidamente y evitar su quema va a ser una soluci\u00f3n clave para mejorar la sostenibilidad agr\u00edcola.<\/p>\n<p>Pero lo que realmente acab\u00f3 de conectar con el p\u00fablico fue su visi\u00f3n y su enfoque humano del liderazgo. En un mundo empresarial marcado por la inmediatez y la competitividad, Blanca record\u00f3 y recalc\u00f3 que el motor de cualquier proyecto son las personas. As\u00ed, emocion\u00f3 al auditorio al hablar de la amistad inquebrantable entre su padre, Manuel Cusin\u00e9, cofundador y presidente de Arcusin, y Josep Ramon Pons, asesor ejecutivo y director general de la compa\u00f1\u00eda durante los \u00faltimos veinte a\u00f1os. Una relaci\u00f3n basada en la confianza y la lealtad, que ha estado siempre por encima de cualquier desaf\u00edo empresarial.<\/p>\n<p><img loading=\"lazy\" decoding=\"async\" class=\"aligncenter wp-image-64091 size-large\" src=\"https:\/\/arcusin.isocialdev.com\/wp-content\/uploads\/2025\/03\/1740751325737-1024x683.jpg\" alt=\"\" width=\"800\" height=\"534\" srcset=\"https:\/\/arcusin.isocialdev.com\/wp-content\/uploads\/2025\/03\/1740751325737-1024x683.jpg 1024w, https:\/\/arcusin.isocialdev.com\/wp-content\/uploads\/2025\/03\/1740751325737-600x400.jpg 600w, https:\/\/arcusin.isocialdev.com\/wp-content\/uploads\/2025\/03\/1740751325737-300x200.jpg 300w, https:\/\/arcusin.isocialdev.com\/wp-content\/uploads\/2025\/03\/1740751325737-768x512.jpg 768w, https:\/\/arcusin.isocialdev.com\/wp-content\/uploads\/2025\/03\/1740751325737-1536x1024.jpg 1536w, https:\/\/arcusin.isocialdev.com\/wp-content\/uploads\/2025\/03\/1740751325737.jpg 2048w\" sizes=\"auto, (max-width: 800px) 100vw, 800px\" \/><\/p>\n<p>Blanca Cusin\u00e9 se revel\u00f3 como m\u00e1s que una directiva con su visi\u00f3n inspiradora, que unida a su energ\u00eda y a su compromiso con la innovaci\u00f3n y las personas marca el camino de Arcusin hacia el futuro.<\/p>\n","protected":false},"excerpt":{"rendered":"<p>Si algo ha definido Arcusin a lo largo de sus casi cincuenta a\u00f1os de vida, es su capacidad de adaptaci\u00f3n a un mundo cambiante y su compromiso inquebrantable con el sector agr\u00edcola. <\/p>\n","protected":false},"author":156,"featured_media":64090,"comment_status":"closed","ping_status":"closed","sticky":false,"template":"","format":"standard","meta":{"content-type":"","footnotes":""},"categories":[3],"tags":[],"class_list":["post-64089","post","type-post","status-publish","format-standard","has-post-thumbnail","hentry","category-todas"],"_links":{"self":[{"href":"https:\/\/arcusin.isocialdev.com\/es\/wp-json\/wp\/v2\/posts\/64089","targetHints":{"allow":["GET"]}}],"collection":[{"href":"https:\/\/arcusin.isocialdev.com\/es\/wp-json\/wp\/v2\/posts"}],"about":[{"href":"https:\/\/arcusin.isocialdev.com\/es\/wp-json\/wp\/v2\/types\/post"}],"author":[{"embeddable":true,"href":"https:\/\/arcusin.isocialdev.com\/es\/wp-json\/wp\/v2\/users\/156"}],"replies":[{"embeddable":true,"href":"https:\/\/arcusin.isocialdev.com\/es\/wp-json\/wp\/v2\/comments?post=64089"}],"version-history":[{"count":1,"href":"https:\/\/arcusin.isocialdev.com\/es\/wp-json\/wp\/v2\/posts\/64089\/revisions"}],"predecessor-version":[{"id":64095,"href":"https:\/\/arcusin.isocialdev.com\/es\/wp-json\/wp\/v2\/posts\/64089\/revisions\/64095"}],"wp:featuredmedia":[{"embeddable":true,"href":"https:\/\/arcusin.isocialdev.com\/es\/wp-json\/wp\/v2\/media\/64090"}],"wp:attachment":[{"href":"https:\/\/arcusin.isocialdev.com\/es\/wp-json\/wp\/v2\/media?parent=64089"}],"wp:term":[{"taxonomy":"category","embeddable":true,"href":"https:\/\/arcusin.isocialdev.com\/es\/wp-json\/wp\/v2\/categories?post=64089"},{"taxonomy":"post_tag","embeddable":true,"href":"https:\/\/arcusin.isocialdev.com\/es\/wp-json\/wp\/v2\/tags?post=64089"}],"curies":[{"name":"wp","href":"https:\/\/api.w.org\/{rel}","templated":true}]}}