{"id":62154,"date":"2025-02-06T11:59:17","date_gmt":"2025-02-06T10:59:17","guid":{"rendered":"https:\/\/arcusin.isocialdev.com\/?p=62154"},"modified":"2025-02-17T10:13:49","modified_gmt":"2025-02-17T09:13:49","slug":"oficinas","status":"publish","type":"post","link":"https:\/\/arcusin.isocialdev.com\/es\/oficinas\/","title":{"rendered":"Evoluci\u00f3n que inspira y conecta: as\u00ed son las oficinas de Arcusin"},"content":{"rendered":"<p><strong>En Arcusin, entendemos que los espacios de trabajo no son simples contenedores funcionales, sino entornos vivos que deben adaptarse y evolucionar al ritmo de las personas y los valores que nos gu\u00edan<\/strong>.<\/p>\n<p>Con esta filosof\u00eda en mente, hemos emprendido un ambicioso proyecto para transformar de forma gradual nuestras instalaciones en Vila-sana, Catalu\u00f1a, con el prop\u00f3sito de crear espacios m\u00e1s inspiradores, eficientes y alineados con nuestra esencia industrial.<\/p>\n<p>Uno de los hitos m\u00e1s destacados de este proceso ha sido la integraci\u00f3n de parte de las oficinas dentro del \u00e1rea del taller, un movimiento estrat\u00e9gico pensado para reducir barreras entre departamentos. Este cambio no solo favorece la comunicaci\u00f3n entre las \u00e1reas t\u00e9cnicas y administrativas, sino que tambi\u00e9n fomenta una mayor colaboraci\u00f3n y dinamismo en el d\u00eda a d\u00eda.<\/p>\n<p><img loading=\"lazy\" decoding=\"async\" class=\"aligncenter wp-image-62349 size-full\" src=\"https:\/\/arcusin.isocialdev.com\/wp-content\/uploads\/2025\/02\/202502_Arcusin-nuevas-oficinas-produccion-4.jpg\" alt=\"\" width=\"1920\" height=\"566\" srcset=\"https:\/\/arcusin.isocialdev.com\/wp-content\/uploads\/2025\/02\/202502_Arcusin-nuevas-oficinas-produccion-4.jpg 1920w, https:\/\/arcusin.isocialdev.com\/wp-content\/uploads\/2025\/02\/202502_Arcusin-nuevas-oficinas-produccion-4-600x177.jpg 600w, https:\/\/arcusin.isocialdev.com\/wp-content\/uploads\/2025\/02\/202502_Arcusin-nuevas-oficinas-produccion-4-300x88.jpg 300w, https:\/\/arcusin.isocialdev.com\/wp-content\/uploads\/2025\/02\/202502_Arcusin-nuevas-oficinas-produccion-4-1024x302.jpg 1024w, https:\/\/arcusin.isocialdev.com\/wp-content\/uploads\/2025\/02\/202502_Arcusin-nuevas-oficinas-produccion-4-768x226.jpg 768w, https:\/\/arcusin.isocialdev.com\/wp-content\/uploads\/2025\/02\/202502_Arcusin-nuevas-oficinas-produccion-4-1536x453.jpg 1536w\" sizes=\"auto, (max-width: 1920px) 100vw, 1920px\" \/><\/p>\n<p><strong>Funcionalidad, bienestar, identidad<\/strong><\/p>\n<p>En esta transformaci\u00f3n, la clave ha sido encontrar el equilibrio perfecto entre funcionalidad y calidez. Gracias a la colaboraci\u00f3n con la interiorista Susanna Cots, hemos dise\u00f1ado espacios que priorizan la luz natural, el uso de materiales acogedores y una distribuci\u00f3n eficiente que fomente el trabajo en equipo.<\/p>\n<p>\u201cLa idea fue romper las barreras entre las \u00e1reas, creando un espacio que respire funcionalidad pero que tambi\u00e9n motive a quienes trabajan en \u00e9l, manteniendo siempre la esencia t\u00e9cnica del lugar\u201d, explica Susanna Cots.<\/p>\n<p>No solo hemos creado espacios m\u00e1s pr\u00e1cticos; tambi\u00e9n hemos querido que transmitan nuestra identidad. Desde los acabados hasta los peque\u00f1os detalles, cada decisi\u00f3n de dise\u00f1o est\u00e1 orientada a respetar nuestro ADN industrial, a\u00f1adiendo un toque de calidez que inspire a las personas que forman parte de Arcusin.<\/p>\n<div id='gallery-1' class='gallery galleryid-62154 gallery-columns-2 gallery-size-full'><figure class='gallery-item'>\n\t\t\t<div class='gallery-icon landscape'>\n\t\t\t\t<a href='https:\/\/arcusin.isocialdev.com\/es\/oficinas\/202502_arcusin-nuevas-oficinas-produccion-2\/'><img loading=\"lazy\" decoding=\"async\" width=\"1920\" height=\"1080\" src=\"https:\/\/arcusin.isocialdev.com\/wp-content\/uploads\/2025\/02\/202502_Arcusin-nuevas-oficinas-produccion-2.jpg\" class=\"attachment-full size-full\" alt=\"\" srcset=\"https:\/\/arcusin.isocialdev.com\/wp-content\/uploads\/2025\/02\/202502_Arcusin-nuevas-oficinas-produccion-2.jpg 1920w, https:\/\/arcusin.isocialdev.com\/wp-content\/uploads\/2025\/02\/202502_Arcusin-nuevas-oficinas-produccion-2-600x338.jpg 600w, https:\/\/arcusin.isocialdev.com\/wp-content\/uploads\/2025\/02\/202502_Arcusin-nuevas-oficinas-produccion-2-300x169.jpg 300w, https:\/\/arcusin.isocialdev.com\/wp-content\/uploads\/2025\/02\/202502_Arcusin-nuevas-oficinas-produccion-2-1024x576.jpg 1024w, https:\/\/arcusin.isocialdev.com\/wp-content\/uploads\/2025\/02\/202502_Arcusin-nuevas-oficinas-produccion-2-768x432.jpg 768w, https:\/\/arcusin.isocialdev.com\/wp-content\/uploads\/2025\/02\/202502_Arcusin-nuevas-oficinas-produccion-2-1536x864.jpg 1536w\" sizes=\"auto, (max-width: 1920px) 100vw, 1920px\" \/><\/a>\n\t\t\t<\/div><\/figure><figure class='gallery-item'>\n\t\t\t<div class='gallery-icon landscape'>\n\t\t\t\t<a href='https:\/\/arcusin.isocialdev.com\/es\/oficinas\/202502_arcusin-nuevas-oficinas-produccion-5\/'><img loading=\"lazy\" decoding=\"async\" width=\"1920\" height=\"1080\" src=\"https:\/\/arcusin.isocialdev.com\/wp-content\/uploads\/2025\/02\/202502_Arcusin-nuevas-oficinas-produccion-5.jpg\" class=\"attachment-full size-full\" alt=\"\" srcset=\"https:\/\/arcusin.isocialdev.com\/wp-content\/uploads\/2025\/02\/202502_Arcusin-nuevas-oficinas-produccion-5.jpg 1920w, https:\/\/arcusin.isocialdev.com\/wp-content\/uploads\/2025\/02\/202502_Arcusin-nuevas-oficinas-produccion-5-600x338.jpg 600w, https:\/\/arcusin.isocialdev.com\/wp-content\/uploads\/2025\/02\/202502_Arcusin-nuevas-oficinas-produccion-5-300x169.jpg 300w, https:\/\/arcusin.isocialdev.com\/wp-content\/uploads\/2025\/02\/202502_Arcusin-nuevas-oficinas-produccion-5-1024x576.jpg 1024w, https:\/\/arcusin.isocialdev.com\/wp-content\/uploads\/2025\/02\/202502_Arcusin-nuevas-oficinas-produccion-5-768x432.jpg 768w, https:\/\/arcusin.isocialdev.com\/wp-content\/uploads\/2025\/02\/202502_Arcusin-nuevas-oficinas-produccion-5-1536x864.jpg 1536w\" sizes=\"auto, (max-width: 1920px) 100vw, 1920px\" \/><\/a>\n\t\t\t<\/div><\/figure>\n\t\t<\/div>\n\n<p><strong>Un compromiso a futuro<\/strong><\/p>\n<p>La transformaci\u00f3n de nuestras instalaciones no es \u00fanicamente una cuesti\u00f3n est\u00e9tica o funcional; es un reflejo de nuestro compromiso con el equipo y con nuestra misi\u00f3n de estar siempre al lado de los agricultores. Este proyecto, que seguir\u00e1 desarroll\u00e1ndose en los pr\u00f3ximos a\u00f1os, forma parte de nuestra visi\u00f3n de futuro: crear entornos que conecten a las personas con su trabajo, refuercen el sentido de pertenencia y promuevan una cultura de innovaci\u00f3n y cercan\u00eda.<\/p>\n<p><img loading=\"lazy\" decoding=\"async\" class=\"aligncenter wp-image-62346 size-full\" src=\"https:\/\/arcusin.isocialdev.com\/wp-content\/uploads\/2025\/02\/202502_Arcusin-nuevas-oficinas-produccion-1.jpg\" alt=\"\" width=\"1920\" height=\"1281\" srcset=\"https:\/\/arcusin.isocialdev.com\/wp-content\/uploads\/2025\/02\/202502_Arcusin-nuevas-oficinas-produccion-1.jpg 1920w, https:\/\/arcusin.isocialdev.com\/wp-content\/uploads\/2025\/02\/202502_Arcusin-nuevas-oficinas-produccion-1-600x400.jpg 600w, https:\/\/arcusin.isocialdev.com\/wp-content\/uploads\/2025\/02\/202502_Arcusin-nuevas-oficinas-produccion-1-300x200.jpg 300w, https:\/\/arcusin.isocialdev.com\/wp-content\/uploads\/2025\/02\/202502_Arcusin-nuevas-oficinas-produccion-1-1024x683.jpg 1024w, https:\/\/arcusin.isocialdev.com\/wp-content\/uploads\/2025\/02\/202502_Arcusin-nuevas-oficinas-produccion-1-768x512.jpg 768w, https:\/\/arcusin.isocialdev.com\/wp-content\/uploads\/2025\/02\/202502_Arcusin-nuevas-oficinas-produccion-1-1536x1025.jpg 1536w\" sizes=\"auto, (max-width: 1920px) 100vw, 1920px\" \/><\/p>\n<p>En Arcusin, queremos que nuestras instalaciones sean mucho m\u00e1s que un lugar de trabajo: aspiramos a que sean un reflejo de lo que somos y de c\u00f3mo queremos crecer. Ser un <em>Great Place to Work<\/em> no es solo un reconocimiento, sino un objetivo que construimos cada d\u00eda con cada peque\u00f1o avance, cada espacio mejorado y cada nueva idea que inspire a nuestro equipo.<\/p>\n","protected":false},"excerpt":{"rendered":"<p>Arcusin ha empezado a renovar su sede central con el objetivo de crear espacios de trabajo que fomenten la colaboraci\u00f3n y la innovaci\u00f3n<\/p>\n","protected":false},"author":156,"featured_media":62406,"comment_status":"open","ping_status":"open","sticky":false,"template":"","format":"standard","meta":{"content-type":"","footnotes":""},"categories":[3],"tags":[],"class_list":["post-62154","post","type-post","status-publish","format-standard","has-post-thumbnail","hentry","category-todas"],"_links":{"self":[{"href":"https:\/\/arcusin.isocialdev.com\/es\/wp-json\/wp\/v2\/posts\/62154","targetHints":{"allow":["GET"]}}],"collection":[{"href":"https:\/\/arcusin.isocialdev.com\/es\/wp-json\/wp\/v2\/posts"}],"about":[{"href":"https:\/\/arcusin.isocialdev.com\/es\/wp-json\/wp\/v2\/types\/post"}],"author":[{"embeddable":true,"href":"https:\/\/arcusin.isocialdev.com\/es\/wp-json\/wp\/v2\/users\/156"}],"replies":[{"embeddable":true,"href":"https:\/\/arcusin.isocialdev.com\/es\/wp-json\/wp\/v2\/comments?post=62154"}],"version-history":[{"count":4,"href":"https:\/\/arcusin.isocialdev.com\/es\/wp-json\/wp\/v2\/posts\/62154\/revisions"}],"predecessor-version":[{"id":62413,"href":"https:\/\/arcusin.isocialdev.com\/es\/wp-json\/wp\/v2\/posts\/62154\/revisions\/62413"}],"wp:featuredmedia":[{"embeddable":true,"href":"https:\/\/arcusin.isocialdev.com\/es\/wp-json\/wp\/v2\/media\/62406"}],"wp:attachment":[{"href":"https:\/\/arcusin.isocialdev.com\/es\/wp-json\/wp\/v2\/media?parent=62154"}],"wp:term":[{"taxonomy":"category","embeddable":true,"href":"https:\/\/arcusin.isocialdev.com\/es\/wp-json\/wp\/v2\/categories?post=62154"},{"taxonomy":"post_tag","embeddable":true,"href":"https:\/\/arcusin.isocialdev.com\/es\/wp-json\/wp\/v2\/tags?post=62154"}],"curies":[{"name":"wp","href":"https:\/\/api.w.org\/{rel}","templated":true}]}}