{"id":54955,"date":"2024-07-08T11:30:50","date_gmt":"2024-07-08T11:30:50","guid":{"rendered":"https:\/\/arcusin.isocialdev.com\/?p=54955"},"modified":"2024-07-09T13:59:41","modified_gmt":"2024-07-09T13:59:41","slug":"blanca-cusine-ceo-arcusin","status":"publish","type":"post","link":"https:\/\/arcusin.isocialdev.com\/es\/blanca-cusine-ceo-arcusin\/","title":{"rendered":"Arcusin materializa su relevo generacional en la direcci\u00f3n"},"content":{"rendered":"<p><strong>Blanca Cusin\u00e9 ha sido nombrada CEO de Arcusin, reemplazando a Josep Ramon Pons, quien ha liderado la empresa durante los \u00faltimos 20 a\u00f1os. Junto a ella, Ferran Cusin\u00e9 asume el liderazgo del departamento de Ingenier\u00eda e I+D.<\/strong><\/p>\n<p>Blanca, de 34 a\u00f1os y licenciada en Ingenier\u00eda Industrial, ha sido una figura clave en la expansi\u00f3n internacional de Arcusin, que ahora tiene presencia en m\u00e1s de 60 pa\u00edses y una filial en Estados Unidos. Ferran, de 31 a\u00f1os, cuenta con una s\u00f3lida formaci\u00f3n en Administraci\u00f3n y Direcci\u00f3n de Empresas y en Ingenier\u00eda Mec\u00e1nica, y se enfocar\u00e1 en integrar tecnolog\u00edas avanzadas para mejorar la eficiencia y productividad de las m\u00e1quinas agr\u00edcolas de Arcusin.<\/p>\n<p>Manuel Cusin\u00e9, cofundador y presidente de Arcusin, oficializ\u00f3 el relevo generacional, destacando la capacidad y visi\u00f3n de la nueva generaci\u00f3n para llevar la empresa a nuevos horizontes. Subraya que la expansi\u00f3n internacional y la diversificaci\u00f3n ser\u00e1n claves en esta nueva etapa, con un enfoque en mercados emergentes y nuevos productos.<\/p>\n<p>Blanca enfatiza la importancia de mantener los valores humanos y la calidad del equipo, afirmando: \u00abTenemos que seguir siendo pioneros en el sector de fabricantes de maquinaria agr\u00edcola especializada, con productos patentados que mejoren la eficiencia y la productividad de las m\u00e1quinas. Todo ello, sin perder los valores humanos que tanto nuestro padre como nuestro abuelo instauraron desde la fundaci\u00f3n de Arcusin: contar con un equipo de buenas personas pero con mucho talento\u00bb. Ferran, por su parte, subraya que el principal reto a nivel de Ingenier\u00eda es integrar tecnolog\u00edas avanzadas para enfrentar los desaf\u00edos del sector agr\u00edcola, mejorando la eficiencia de las m\u00e1quinas y respondiendo a la creciente escasez de mano de obra cualificada.<\/p>\n<figure id=\"attachment_54958\" aria-describedby=\"caption-attachment-54958\" style=\"width: 768px\" class=\"wp-caption aligncenter\"><img loading=\"lazy\" decoding=\"async\" class=\"wp-image-54958 size-large\" src=\"https:\/\/arcusin.isocialdev.com\/wp-content\/uploads\/2024\/07\/Arcusins-transition-768x1024.jpg\" alt=\"Relevo generacional en Arcusin\" width=\"768\" height=\"1024\" srcset=\"https:\/\/arcusin.isocialdev.com\/wp-content\/uploads\/2024\/07\/Arcusins-transition-768x1024.jpg 768w, https:\/\/arcusin.isocialdev.com\/wp-content\/uploads\/2024\/07\/Arcusins-transition-scaled-600x800.jpg 600w, https:\/\/arcusin.isocialdev.com\/wp-content\/uploads\/2024\/07\/Arcusins-transition-225x300.jpg 225w, https:\/\/arcusin.isocialdev.com\/wp-content\/uploads\/2024\/07\/Arcusins-transition-1152x1536.jpg 1152w, https:\/\/arcusin.isocialdev.com\/wp-content\/uploads\/2024\/07\/Arcusins-transition-1536x2048.jpg 1536w, https:\/\/arcusin.isocialdev.com\/wp-content\/uploads\/2024\/07\/Arcusins-transition-scaled.jpg 1920w\" sizes=\"auto, (max-width: 768px) 100vw, 768px\" \/><figcaption id=\"caption-attachment-54958\" class=\"wp-caption-text\">De izquierda a derecha: Manuel Cusin\u00e9, Ferran Cusin\u00e9, Blanca Cusin\u00e9 y Josep Ramon Pons, en la sede central de Arcusin.<\/figcaption><\/figure>\n<p>Josep Ramon Pons seguir\u00e1 en la compa\u00f1\u00eda y tambi\u00e9n como miembro del Consejo Asesor, contribuyendo con su vasta experiencia al plan estrat\u00e9gico de Arcusin. La empresa, fundada en 1976 por Armando y Manuel Cusin\u00e9, se dedica al dise\u00f1o, fabricaci\u00f3n y venta de maquinaria agr\u00edcola especializada. Su misi\u00f3n es facilitar el trabajo de los agricultores a nivel mundial, proporcionando soluciones eficientes y rentables. Con una s\u00f3lida red de distribuidores y un compromiso con la innovaci\u00f3n, Arcusin sigue liderando en el sector de la maquinaria agr\u00edcola especializada en la manipulaci\u00f3n de pacas.<\/p>\n","protected":false},"excerpt":{"rendered":"<p>Blanca Cusin\u00e9, nueva CEO de Arcusin, y Ferran Cusin\u00e9, director de Ingenier\u00eda e I+D<\/p>\n","protected":false},"author":156,"featured_media":54958,"comment_status":"open","ping_status":"open","sticky":false,"template":"","format":"standard","meta":{"content-type":"","footnotes":""},"categories":[3],"tags":[],"class_list":["post-54955","post","type-post","status-publish","format-standard","has-post-thumbnail","hentry","category-todas"],"_links":{"self":[{"href":"https:\/\/arcusin.isocialdev.com\/es\/wp-json\/wp\/v2\/posts\/54955","targetHints":{"allow":["GET"]}}],"collection":[{"href":"https:\/\/arcusin.isocialdev.com\/es\/wp-json\/wp\/v2\/posts"}],"about":[{"href":"https:\/\/arcusin.isocialdev.com\/es\/wp-json\/wp\/v2\/types\/post"}],"author":[{"embeddable":true,"href":"https:\/\/arcusin.isocialdev.com\/es\/wp-json\/wp\/v2\/users\/156"}],"replies":[{"embeddable":true,"href":"https:\/\/arcusin.isocialdev.com\/es\/wp-json\/wp\/v2\/comments?post=54955"}],"version-history":[{"count":7,"href":"https:\/\/arcusin.isocialdev.com\/es\/wp-json\/wp\/v2\/posts\/54955\/revisions"}],"predecessor-version":[{"id":55078,"href":"https:\/\/arcusin.isocialdev.com\/es\/wp-json\/wp\/v2\/posts\/54955\/revisions\/55078"}],"wp:featuredmedia":[{"embeddable":true,"href":"https:\/\/arcusin.isocialdev.com\/es\/wp-json\/wp\/v2\/media\/54958"}],"wp:attachment":[{"href":"https:\/\/arcusin.isocialdev.com\/es\/wp-json\/wp\/v2\/media?parent=54955"}],"wp:term":[{"taxonomy":"category","embeddable":true,"href":"https:\/\/arcusin.isocialdev.com\/es\/wp-json\/wp\/v2\/categories?post=54955"},{"taxonomy":"post_tag","embeddable":true,"href":"https:\/\/arcusin.isocialdev.com\/es\/wp-json\/wp\/v2\/tags?post=54955"}],"curies":[{"name":"wp","href":"https:\/\/api.w.org\/{rel}","templated":true}]}}