{"id":52150,"date":"2024-03-07T15:31:35","date_gmt":"2024-03-07T15:31:35","guid":{"rendered":"https:\/\/arcusin.isocialdev.com\/arcusin-celebrates-its-return-to-fima-2024\/"},"modified":"2024-07-24T14:01:17","modified_gmt":"2024-07-24T14:01:17","slug":"arcusin-celebrates-its-return-to-fima-2024","status":"publish","type":"post","link":"https:\/\/arcusin.isocialdev.com\/es\/arcusin-celebrates-its-return-to-fima-2024\/","title":{"rendered":"Arcusin celebra el regreso a FIMA 2024"},"content":{"rendered":"<div>\n<p>Arcusin tuvo el placer de participar este pasado mes de febrero en la 43\u00aa edici\u00f3n de <strong>FIMA<\/strong> en Zaragoza, <strong>la feria m\u00e1s importante del sector agr\u00edcola de Espa\u00f1a<\/strong>. Despu\u00e9s de ausentarnos en la edici\u00f3n del 2022 debido a las inseguridades y restricciones generadas por la pandemia de COVID-19, est\u00e1bamos emocionados de regresar este a\u00f1o y reconectar con nuestros compa\u00f1eros, clientes y amigos del sector agr\u00edcola.<\/p>\n<p>Sin duda, FIMA 2024 se present\u00f3 con una atm\u00f3sfera singular, marcada por una serie de circunstancias excepcionales como las huelgas del sector agr\u00edcola, la notable ausencia de algunos fabricantes de tractores y la celebraci\u00f3n del 60 aniversario de la feria.<\/p>\n<p>El evento comenz\u00f3 con un ritmo tranquilo, pero pronto gan\u00f3 impulso con la llegada de visitantes nacionales e internacionales. Aunque se not\u00f3 la ausencia de nuestros amigos sure\u00f1os de Andaluc\u00eda, Extremadura y las Castillas, \u00a1la energ\u00eda nunca decay\u00f3!<\/p>\n<p>Nuestro estand no solo atrajo a los visitantes y clientes, sino tambi\u00e9n a los influencers del mundo agr\u00edcola, especialmente a <strong>Pilar<\/strong>, <strong>Guillem<\/strong>\u00a0y <strong>Alejandro<\/strong>, con quienes tuvimos el placer de establecer una buena relaci\u00f3n desde que nos conocimos en Demoagro. <strong>Las conversaciones fueron animadas, las ideas flu\u00edan y la pasi\u00f3n por la agricultura era palpable en el aire<\/strong>.<\/p>\n<\/div>\n<p><img loading=\"lazy\" decoding=\"async\" class=\"aligncenter size-full wp-image-52130\" src=\"https:\/\/arcusin.isocialdev.com\/wp-content\/uploads\/2024\/03\/Arcusin-Influencers-en-Fima-2024-AutoStack.jpg\" alt=\"Arcusin con la compa\u00f1\u00eda de influencers\" width=\"1399\" height=\"931\" srcset=\"https:\/\/arcusin.isocialdev.com\/wp-content\/uploads\/2024\/03\/Arcusin-Influencers-en-Fima-2024-AutoStack.jpg 1399w, https:\/\/arcusin.isocialdev.com\/wp-content\/uploads\/2024\/03\/Arcusin-Influencers-en-Fima-2024-AutoStack-600x399.jpg 600w, https:\/\/arcusin.isocialdev.com\/wp-content\/uploads\/2024\/03\/Arcusin-Influencers-en-Fima-2024-AutoStack-300x200.jpg 300w, https:\/\/arcusin.isocialdev.com\/wp-content\/uploads\/2024\/03\/Arcusin-Influencers-en-Fima-2024-AutoStack-1024x681.jpg 1024w, https:\/\/arcusin.isocialdev.com\/wp-content\/uploads\/2024\/03\/Arcusin-Influencers-en-Fima-2024-AutoStack-768x511.jpg 768w\" sizes=\"auto, (max-width: 1399px) 100vw, 1399px\" \/><\/p>\n<p>&nbsp;<\/p>\n<p>La<strong> sesi\u00f3n de preguntas y respuestas sobre el vibrador recolector de frutos secos y aceitunas AutoPick con Pilar<\/strong>\u00a0se destac\u00f3 como un momento especialmente interesante. Dado que Pilar tiene experiencia directa con el producto, ya que este a\u00f1o utiliz\u00f3 nuestro modelo GTi para la cosecha de sus pistachos, aprovechamos la oportunidad para organizar una ronda de preguntas en redes. <strong>Fue una oportunidad relajada pero significativa para que los seguidores pudieran aclarar sus dudas<\/strong> y sumergirse en las caracter\u00edsticas y beneficios de nuestra tecnolog\u00eda.<\/p>\n<p><img loading=\"lazy\" decoding=\"async\" class=\"aligncenter size-full wp-image-52132\" src=\"https:\/\/arcusin.isocialdev.com\/wp-content\/uploads\/2024\/03\/Arcusin-AgriPilar-en-Fima-2024.jpg\" alt=\"\" width=\"1395\" height=\"706\" srcset=\"https:\/\/arcusin.isocialdev.com\/wp-content\/uploads\/2024\/03\/Arcusin-AgriPilar-en-Fima-2024.jpg 1395w, https:\/\/arcusin.isocialdev.com\/wp-content\/uploads\/2024\/03\/Arcusin-AgriPilar-en-Fima-2024-600x304.jpg 600w, https:\/\/arcusin.isocialdev.com\/wp-content\/uploads\/2024\/03\/Arcusin-AgriPilar-en-Fima-2024-300x152.jpg 300w, https:\/\/arcusin.isocialdev.com\/wp-content\/uploads\/2024\/03\/Arcusin-AgriPilar-en-Fima-2024-1024x518.jpg 1024w, https:\/\/arcusin.isocialdev.com\/wp-content\/uploads\/2024\/03\/Arcusin-AgriPilar-en-Fima-2024-768x389.jpg 768w\" sizes=\"auto, (max-width: 1395px) 100vw, 1395px\" \/><\/p>\n<p>&nbsp;<\/p>\n<div>Durante el evento, y sin esperarlo, <strong>recibimos el premio al mejor dise\u00f1o de estand<\/strong>, un reconocimiento que valoramos como un respaldo al esfuerzo y la creatividad que dedicamos a nuestro espacio.<\/div>\n<div>Como siempre, aprovechamos la oportunidad para exhibir todos nuestros productos; los remolques autocargadores y apiladores <a href=\"https:\/\/arcusin.isocialdev.com\/es\/productos\/autostack-fsx-es\/\"><strong>AutoStack<\/strong><\/a>, el agrupador de pacas peque\u00f1as <a href=\"https:\/\/arcusin.isocialdev.com\/es\/productos\/multipack\/\/\"><strong>Multipack<\/strong><\/a> y el acumulador de pacas <a href=\"https:\/\/arcusin.isocialdev.com\/es\/productos\/forstack-es\/\"><strong>Forstack<\/strong><\/a>, entre otros. Esta exposici\u00f3n integral nos permite presentar nuestras \u00faltimas innovaciones en tecnolog\u00eda agr\u00edcola y reafirmar nuestro compromiso con el avance del sector.<\/div>\n<p><img loading=\"lazy\" decoding=\"async\" class=\"aligncenter size-full wp-image-52134\" src=\"https:\/\/arcusin.isocialdev.com\/wp-content\/uploads\/2024\/03\/Arcusin-en-Fima-2024-bale-handling-solutions.jpg\" alt=\"Estand de Arcusin en FIMA 2024\" width=\"1395\" height=\"762\" srcset=\"https:\/\/arcusin.isocialdev.com\/wp-content\/uploads\/2024\/03\/Arcusin-en-Fima-2024-bale-handling-solutions.jpg 1395w, https:\/\/arcusin.isocialdev.com\/wp-content\/uploads\/2024\/03\/Arcusin-en-Fima-2024-bale-handling-solutions-600x328.jpg 600w, https:\/\/arcusin.isocialdev.com\/wp-content\/uploads\/2024\/03\/Arcusin-en-Fima-2024-bale-handling-solutions-300x164.jpg 300w, https:\/\/arcusin.isocialdev.com\/wp-content\/uploads\/2024\/03\/Arcusin-en-Fima-2024-bale-handling-solutions-1024x559.jpg 1024w, https:\/\/arcusin.isocialdev.com\/wp-content\/uploads\/2024\/03\/Arcusin-en-Fima-2024-bale-handling-solutions-768x420.jpg 768w\" sizes=\"auto, (max-width: 1395px) 100vw, 1395px\" \/><\/p>\n<p>&nbsp;<\/p>\n<p>En resumen, nuestra participaci\u00f3n en <strong>FIMA 2024<\/strong> fue m\u00e1s que una simple exhibici\u00f3n de productos; <strong>fue un viaje de descubrimiento, intercambio y conexi\u00f3n con la comunidad agr\u00edcola<\/strong>. Y estamos emocionados de seguir cultivando estas relaciones mientras avanzamos hacia un futuro m\u00e1s brillante y prometedor juntos.<\/p>\n<h2>Nuestro paso por FIMA 2020<\/h2>\n<p>Muchos meses, a veces casi un a\u00f1o antes, el comentario es: nos vemos en FIMA, lo hablamos en FIMA, a ver si en FIMA\u2026Y la feria lleg\u00f3. Con todo su esplendor y pabellones llenos a rebosar de <a href=\"\/\">maquinaria agr\u00edcola<\/a> nueva y flamante, <strong>FIMA 2020<\/strong> nos daba los buenos d\u00edas el martes 25 de Febrero.<\/p>\n<p>En <strong>ARCUSIN<\/strong>, ampliamos el stand, abarcando ambos lados del pasillo lateral del pabell\u00f3n 6 y viniendo con todo: <a href=\"https:\/\/arcusin.isocialdev.com\/es\/jet-menu\/elementor-mega-item-444\/autostack-fsx-2\/\">autocargador de pacas<\/a>\u00a0<strong>Auto<span style=\"color: #ff0000;\">Stack<\/span> FSX<\/strong>\u00a0y <strong>XP<\/strong>, <a href=\"https:\/\/arcusin.isocialdev.com\/es\/productos\/multipack\/\/\">agrupador de pacas<\/a>\u00a0<strong>Multi<span style=\"color: #ff0000;\">Pack<\/span> D14<\/strong>,<strong> For<span style=\"color: #ff0000;\">Stack<\/span><\/strong>, <strong>Line<span style=\"color: #ff0000;\">Pack<\/span><\/strong>, <strong>Auto<span style=\"color: #ff0000;\">Pick<\/span> MT<\/strong> y <strong>GTI<\/strong> y el alimentador <span style=\"color: #008000;\"><strong>HUSTLER<\/strong><\/span>.<\/p>\n<p>Como viene siendo tradici\u00f3n, <strong>Auto<span style=\"color: #ff0000;\">Stack<\/span><\/strong> fue el m\u00e1s ovacionado, respaldado esta edici\u00f3n tambi\u00e9n por el nuevo sistema de recolecci\u00f3n de pacas <strong>FAST TRACTION PICK-UP<\/strong>. Implemento\u00a0 que por cierto sirvi\u00f3 para alzar en el palacio de congresos de Zaragoza <strong>el premio FIMA 2020 a la innovaci\u00f3n tecnol\u00f3gica<\/strong>. Estatuilla que no por no ser la primera, deja de recompensar el trabajo de ingenieros, t\u00e9cnicos y todo el personal ARCUSIN.<\/p>\n<p><strong><span style=\"color: #ff0000;\">FAST TRACTION<\/span> es un nuevo y evolucionado sistema de recolecci\u00f3n de las balas testado en las pacas m\u00e1s pesadas de forraje y alfalfa con un excelente resultado en recolecci\u00f3n\/absorci\u00f3n del producto<\/strong>. Consigue no arrastrar la bala gracias al levantamiento de la misma. Respeta toda la integridad del producto (especialmente en paquetes agrupados y alfalfa) y\u00a0 permite a la boca trabajar m\u00e1s r\u00e1pido y a m\u00e1s altura.<\/p>\n<p>Muy bien recibido fue tambi\u00e9n el nuevo agrupador de pacas peque\u00f1as <strong>Multi<span style=\"color: #ff0000;\">Pack<\/span> D14<\/strong> con la <strong>boca recolectora en el lado derecho<\/strong> de la marcha. Propuesta hist\u00f3rica que se ha conseguido en gran parte al trabajo de los premiados en esta edici\u00f3n de FIMA y a la insistencia de nuestros mejores consejeros, \u00a1nuestros clientes!<\/p>\n<p>Y ya por concluir el resumen de lo que fue FIMA 2020, destacar la <strong>gran afluencia de p\u00fablico e inter\u00e9s general de este sector que pese a las grandes dificultades no para de crecer y avanzar<\/strong>, y es por ese motivo precisamente que esta feria es un excelente punto de encuentro agrario y el m\u00e1s importante sin duda del sur de Europa.<\/p>\n<h2>Feria Fima 2018<\/h2>\n<p><span style=\"font-weight: 400;\">Ha finalizado uno de los eventos con m\u00e1s repercusi\u00f3n en el sector agr\u00edcola a nivel mundial: <\/span><b>Fima 2018<\/b><span style=\"font-weight: 400;\">. Todas las grandes firmas de la fabricaci\u00f3n de maquinaria se dan cita cada dos a\u00f1os para dar color a esta gran feria. En ella los expositores se disputan los mejores avances que nos brinda la tecnolog\u00eda aplicada a la maquinaria de campo, con una finalidad com\u00fan: <\/span><b>ahorrar en costes y ganar en comodidad<\/b><span style=\"font-weight: 400;\">.<\/span><\/p>\n<p><span style=\"font-weight: 400;\">Entre este firmamento de estrellas de la fabricaci\u00f3n de maquinaria se encuentra <\/span><b>Arcusin<\/b><span style=\"font-weight: 400;\">, esta modesta f\u00e1brica con larga tradici\u00f3n familiar y que su trayecto sorprende a propios y a extra\u00f1os por su constante progreso, dando sentido a la frase \u201c<\/span><span style=\"color: #ff0000;\"><b>Un coraz\u00f3n que late por todo el Mundo<\/b><\/span><span style=\"font-weight: 400;\">\u201d.<\/span><\/p>\n<p><span style=\"font-weight: 400;\">En este certamen <\/span><b>Arcusin<\/b><span style=\"font-weight: 400;\"> ha sorprendido con el <\/span><b>nuevo dise\u00f1o del agrupador Multipack C14<\/b><span style=\"font-weight: 400;\">, y el flamante <\/span><b>alineador de paquetes Linepack<\/b><span style=\"font-weight: 400;\">, que ha sido presentado por primera vez en <\/span><b>Fima 2018<\/b><span style=\"font-weight: 400;\"> y que como siempre ha recibido el halago del p\u00fablico visitante.<\/span><\/p>\n","protected":false},"excerpt":{"rendered":"<p>Nuestro estand no solo atrajo a los visitantes y clientes, sino tambi\u00e9n a los influencers del mundo agr\u00edcola, especialmente a Pilar (@AgriPilar), Guillem (@AgroGomez) y Alejandro (@e_Corral), con quienes tuvimos el placer de establecer una buena relaci\u00f3n desde que nos conocimos en Demoagro. Las conversaciones fueron animadas, las ideas flu\u00edan y la pasi\u00f3n por la agricultura era palpable en el aire.<\/p>\n","protected":false},"author":8,"featured_media":52151,"comment_status":"open","ping_status":"open","sticky":false,"template":"","format":"standard","meta":{"content-type":"","footnotes":""},"categories":[378,3],"tags":[],"class_list":["post-52150","post","type-post","status-publish","format-standard","has-post-thumbnail","hentry","category-exposiciones-y-eventos","category-todas"],"_links":{"self":[{"href":"https:\/\/arcusin.isocialdev.com\/es\/wp-json\/wp\/v2\/posts\/52150","targetHints":{"allow":["GET"]}}],"collection":[{"href":"https:\/\/arcusin.isocialdev.com\/es\/wp-json\/wp\/v2\/posts"}],"about":[{"href":"https:\/\/arcusin.isocialdev.com\/es\/wp-json\/wp\/v2\/types\/post"}],"author":[{"embeddable":true,"href":"https:\/\/arcusin.isocialdev.com\/es\/wp-json\/wp\/v2\/users\/8"}],"replies":[{"embeddable":true,"href":"https:\/\/arcusin.isocialdev.com\/es\/wp-json\/wp\/v2\/comments?post=52150"}],"version-history":[{"count":8,"href":"https:\/\/arcusin.isocialdev.com\/es\/wp-json\/wp\/v2\/posts\/52150\/revisions"}],"predecessor-version":[{"id":55741,"href":"https:\/\/arcusin.isocialdev.com\/es\/wp-json\/wp\/v2\/posts\/52150\/revisions\/55741"}],"wp:featuredmedia":[{"embeddable":true,"href":"https:\/\/arcusin.isocialdev.com\/es\/wp-json\/wp\/v2\/media\/52151"}],"wp:attachment":[{"href":"https:\/\/arcusin.isocialdev.com\/es\/wp-json\/wp\/v2\/media?parent=52150"}],"wp:term":[{"taxonomy":"category","embeddable":true,"href":"https:\/\/arcusin.isocialdev.com\/es\/wp-json\/wp\/v2\/categories?post=52150"},{"taxonomy":"post_tag","embeddable":true,"href":"https:\/\/arcusin.isocialdev.com\/es\/wp-json\/wp\/v2\/tags?post=52150"}],"curies":[{"name":"wp","href":"https:\/\/api.w.org\/{rel}","templated":true}]}}