{"id":49646,"date":"2023-10-05T11:27:01","date_gmt":"2023-10-05T11:27:01","guid":{"rendered":"https:\/\/arcusin.isocialdev.com\/?p=49646"},"modified":"2024-09-04T11:26:31","modified_gmt":"2024-09-04T11:26:31","slug":"innov-agri-our-debut-at-the-agricultural-fair","status":"publish","type":"post","link":"https:\/\/arcusin.isocialdev.com\/es\/innov-agri-our-debut-at-the-agricultural-fair\/","title":{"rendered":"INNOV-AGRI, nuestro debut en la feria agr\u00edcola"},"content":{"rendered":"<p>ARCUSIN particip\u00f3 por primera vez a principios de septiembre en la feria agr\u00edcola Innov Agri en la localidad francesa de Outarville, en el Loiret.<\/p>\n<p>Esta feria agr\u00edcola es conocida por atraer a agricultores y profesionales del sector agr\u00edcola del norte de Francia, <strong>permitiendo la demostraci\u00f3n en el terreno de la maquinaria.<\/strong> Result\u00f3 un escenario propicio para la presentaci\u00f3n de nuestra gama de m\u00e1quinas, exhibi\u00e9ndose en la misma 3 modelos distintos: nuestro agrupador de balas peque\u00f1as, <a href=\"https:\/\/arcusin.isocialdev.com\/es\/productos\/multipack\/\/\">MultiPack D14<\/a>, el acumulador de balas grandes, <a href=\"https:\/\/arcusin.isocialdev.com\/es\/productos\/forstack-es\/\">ForStack<\/a> y el remolque autocargador <a href=\"https:\/\/arcusin.isocialdev.com\/es\/productos\/autostack-xp\/\">AutoStack XP54T.<\/a><\/p>\n<p>Las demostraciones de las m\u00e1quinas fueron el centro de atenci\u00f3n en el evento. Los asistentes mostraron un inter\u00e9s considerable y fueron testigos del rendimiento en condiciones reales en el campo. Adem\u00e1s, el clima favorable durante la feria contribuy\u00f3 a una atm\u00f3sfera propicia para la presentaci\u00f3n de las m\u00e1quinas.<\/p>\n<p>La innovaci\u00f3n y capacidades superiores de las m\u00e1quinas ARCUSIN se tradujeron en un n\u00famero considerable de consultas y solicitudes de informaci\u00f3n por parte de los asistentes, <strong>lo que indica un claro inter\u00e9s en las m\u00e1quinas y sus caracter\u00edsticas \u00fanicas.<\/strong><\/p>\n<p>El resultado general de esta primera participaci\u00f3n fue satisfactorio. La empresa logr\u00f3 aumentar su visibilidad en el mercado franc\u00e9s y establecer contactos comerciales potenciales.<\/p>\n<p>En resumen, ARCUSIN experiment\u00f3 un debut prometedor en la feria agr\u00edcola en Francia. Aunque no se pueden sacar conclusiones definitivas sobre el \u00e9xito a largo plazo, este evento representa un paso positivo en la direcci\u00f3n de la expansi\u00f3n y el creciente desarrollo de negocios en el mercado franc\u00e9s.<\/p>\n<p>&nbsp;<\/p>\n<p><img loading=\"lazy\" decoding=\"async\" class=\"dos alignnone wp-image-49627 size-large\" src=\"https:\/\/arcusin.isocialdev.com\/wp-content\/uploads\/2023\/10\/innov-agri-4-768x1024.webp\" alt=\"\" width=\"768\" height=\"1024\" srcset=\"https:\/\/arcusin.isocialdev.com\/wp-content\/uploads\/2023\/10\/innov-agri-4-768x1024.webp 768w, https:\/\/arcusin.isocialdev.com\/wp-content\/uploads\/2023\/10\/innov-agri-4-600x800.webp 600w, https:\/\/arcusin.isocialdev.com\/wp-content\/uploads\/2023\/10\/innov-agri-4-225x300.webp 225w, https:\/\/arcusin.isocialdev.com\/wp-content\/uploads\/2023\/10\/innov-agri-4-1152x1536.webp 1152w, https:\/\/arcusin.isocialdev.com\/wp-content\/uploads\/2023\/10\/innov-agri-4.webp 1536w\" sizes=\"auto, (max-width: 768px) 100vw, 768px\" \/> <img loading=\"lazy\" decoding=\"async\" class=\"dos alignnone wp-image-49625 size-large\" src=\"https:\/\/arcusin.isocialdev.com\/wp-content\/uploads\/2023\/10\/Innov-agri-1-768x1024.webp\" alt=\"\" width=\"768\" height=\"1024\" srcset=\"https:\/\/arcusin.isocialdev.com\/wp-content\/uploads\/2023\/10\/Innov-agri-1-768x1024.webp 768w, https:\/\/arcusin.isocialdev.com\/wp-content\/uploads\/2023\/10\/Innov-agri-1-600x800.webp 600w, https:\/\/arcusin.isocialdev.com\/wp-content\/uploads\/2023\/10\/Innov-agri-1-225x300.webp 225w, https:\/\/arcusin.isocialdev.com\/wp-content\/uploads\/2023\/10\/Innov-agri-1-1152x1536.webp 1152w, https:\/\/arcusin.isocialdev.com\/wp-content\/uploads\/2023\/10\/Innov-agri-1.webp 1200w\" sizes=\"auto, (max-width: 768px) 100vw, 768px\" \/><\/p>\n<p><img loading=\"lazy\" decoding=\"async\" class=\"uno aligncenter wp-image-49626 size-full\" src=\"https:\/\/arcusin.isocialdev.com\/wp-content\/uploads\/2023\/10\/innov-agri-3.webp\" alt=\"\" width=\"1024\" height=\"768\" srcset=\"https:\/\/arcusin.isocialdev.com\/wp-content\/uploads\/2023\/10\/innov-agri-3.webp 1024w, https:\/\/arcusin.isocialdev.com\/wp-content\/uploads\/2023\/10\/innov-agri-3-600x450.webp 600w, https:\/\/arcusin.isocialdev.com\/wp-content\/uploads\/2023\/10\/innov-agri-3-300x225.webp 300w, https:\/\/arcusin.isocialdev.com\/wp-content\/uploads\/2023\/10\/innov-agri-3-768x576.webp 768w\" sizes=\"auto, (max-width: 1024px) 100vw, 1024px\" \/><\/p>\n<p>&nbsp;<\/p>\n<p>Siempre agradecidos por la colaboraci\u00f3n anual de la Diputaci\u00f3n de Lleida.<\/p>\n<p><img loading=\"lazy\" decoding=\"async\" class=\"alignnone wp-image-57239 \" src=\"https:\/\/arcusin.isocialdev.com\/wp-content\/uploads\/2023\/10\/imagen-1-300x173.png\" alt=\"\" width=\"218\" height=\"126\" srcset=\"https:\/\/arcusin.isocialdev.com\/wp-content\/uploads\/2023\/10\/imagen-1-300x173.png 300w, https:\/\/arcusin.isocialdev.com\/wp-content\/uploads\/2023\/10\/imagen-1-600x346.png 600w, https:\/\/arcusin.isocialdev.com\/wp-content\/uploads\/2023\/10\/imagen-1-768x443.png 768w, https:\/\/arcusin.isocialdev.com\/wp-content\/uploads\/2023\/10\/imagen-1.png 886w\" sizes=\"auto, (max-width: 218px) 100vw, 218px\" \/><\/p>\n","protected":false},"excerpt":{"rendered":"<p>ARCUSIN particip\u00f3 por primera vez a principios de septiembre en la feria agr\u00edcola Innov Agri en la localidad francesa de Outarville, en el Loiret. Esta feria agr\u00edcola es conocida por atraer a agricultores y profesionales del sector agr\u00edcola del norte de Francia, permitiendo la demostraci\u00f3n en el terreno de la maquinaria.<\/p>\n","protected":false},"author":156,"featured_media":49647,"comment_status":"open","ping_status":"open","sticky":false,"template":"","format":"standard","meta":{"content-type":"","footnotes":""},"categories":[378,3],"tags":[],"class_list":["post-49646","post","type-post","status-publish","format-standard","has-post-thumbnail","hentry","category-exposiciones-y-eventos","category-todas"],"_links":{"self":[{"href":"https:\/\/arcusin.isocialdev.com\/es\/wp-json\/wp\/v2\/posts\/49646","targetHints":{"allow":["GET"]}}],"collection":[{"href":"https:\/\/arcusin.isocialdev.com\/es\/wp-json\/wp\/v2\/posts"}],"about":[{"href":"https:\/\/arcusin.isocialdev.com\/es\/wp-json\/wp\/v2\/types\/post"}],"author":[{"embeddable":true,"href":"https:\/\/arcusin.isocialdev.com\/es\/wp-json\/wp\/v2\/users\/156"}],"replies":[{"embeddable":true,"href":"https:\/\/arcusin.isocialdev.com\/es\/wp-json\/wp\/v2\/comments?post=49646"}],"version-history":[{"count":6,"href":"https:\/\/arcusin.isocialdev.com\/es\/wp-json\/wp\/v2\/posts\/49646\/revisions"}],"predecessor-version":[{"id":57238,"href":"https:\/\/arcusin.isocialdev.com\/es\/wp-json\/wp\/v2\/posts\/49646\/revisions\/57238"}],"wp:featuredmedia":[{"embeddable":true,"href":"https:\/\/arcusin.isocialdev.com\/es\/wp-json\/wp\/v2\/media\/49647"}],"wp:attachment":[{"href":"https:\/\/arcusin.isocialdev.com\/es\/wp-json\/wp\/v2\/media?parent=49646"}],"wp:term":[{"taxonomy":"category","embeddable":true,"href":"https:\/\/arcusin.isocialdev.com\/es\/wp-json\/wp\/v2\/categories?post=49646"},{"taxonomy":"post_tag","embeddable":true,"href":"https:\/\/arcusin.isocialdev.com\/es\/wp-json\/wp\/v2\/tags?post=49646"}],"curies":[{"name":"wp","href":"https:\/\/api.w.org\/{rel}","templated":true}]}}