{"id":37645,"date":"2023-06-01T11:04:13","date_gmt":"2023-06-01T11:04:13","guid":{"rendered":"https:\/\/arcusin.isocialdev.com\/arcusin-returns-to-lerma-located-in-the-heart-of-castilla-y-leon\/"},"modified":"2024-07-24T12:49:01","modified_gmt":"2024-07-24T12:49:01","slug":"arcusin-returns-to-lerma-located-in-the-heart-of-castilla-y-leon","status":"publish","type":"post","link":"https:\/\/arcusin.isocialdev.com\/es\/arcusin-returns-to-lerma-located-in-the-heart-of-castilla-y-leon\/","title":{"rendered":"Arcusin vuelve a Lerma un a\u00f1o m\u00e1s, situada en el coraz\u00f3n de Castilla y Le\u00f3n"},"content":{"rendered":"<h2>Feria Lerma 2017<\/h2>\n<div>\n<p><b>Feria de Lerma<\/b>; la imprevisible, la sorprendente, la fascinante, la que nos llena la maleta de ropa, nunca sabes si har\u00e1 fr\u00edo o calor o las dos cosas. Este a\u00f1o ha tocado la peor versi\u00f3n para los expositores: <b>fr\u00edo, viento y lluvia<\/b>, pero a pesar de todo un p\u00fablico fiel asisti\u00f3 con aparente normalidad.<\/p>\n<p><b>Haga fr\u00edo o calor,<\/b> <b>Arcusin estuvo presente mostrando sus modelos m\u00e1s actuales de los cuales destac\u00f3 el nuevo acumulador Forstack 12, el cual aglutin\u00f3 la mayor\u00eda de las consultas.<\/b><\/p>\n<p>La parte negativa es la <b>gran sequ\u00eda que sufre Castilla Le\u00f3n<\/b>, aunque los que ven el vaso medio lleno piensan que eso no es malo si sirve para vender a \u00a0buen precio los grandes stocks que se acumularon la campa\u00f1a anterior, \u00ab<b>no hay mal que por bien no venga<\/b>\u00ab, esto junto con las cuatro gotas que cayeron avivando las pocas esperanzas de reanimar una campa\u00f1a perdida dieron lugar a un final de feria enigm\u00e1tico.<\/p>\n<\/div>\n","protected":false},"excerpt":{"rendered":"<p>Tras el par\u00f3n por la pandemia y un a\u00f1o post-covid con poca afluencia, la\u00a0feria agr\u00edcola de Lerma\u00a0recupera su \u00e9xito en 2023\u00a0con m\u00e1s de 240 expositores y 100.000 asistentes. Esta feria ha sido siempre un referente nacional para Arcusin ya que est\u00e1 localizada en el coraz\u00f3n de Castilla y Le\u00f3n, en una de las\u00a0zonas m\u00e1s productivas de cereal y paja de Espa\u00f1a.<\/p>\n","protected":false},"author":156,"featured_media":37946,"comment_status":"open","ping_status":"open","sticky":false,"template":"","format":"standard","meta":{"content-type":"","footnotes":""},"categories":[379,3],"tags":[],"class_list":["post-37645","post","type-post","status-publish","format-standard","has-post-thumbnail","hentry","category-sobre-arcussin","category-todas"],"_links":{"self":[{"href":"https:\/\/arcusin.isocialdev.com\/es\/wp-json\/wp\/v2\/posts\/37645","targetHints":{"allow":["GET"]}}],"collection":[{"href":"https:\/\/arcusin.isocialdev.com\/es\/wp-json\/wp\/v2\/posts"}],"about":[{"href":"https:\/\/arcusin.isocialdev.com\/es\/wp-json\/wp\/v2\/types\/post"}],"author":[{"embeddable":true,"href":"https:\/\/arcusin.isocialdev.com\/es\/wp-json\/wp\/v2\/users\/156"}],"replies":[{"embeddable":true,"href":"https:\/\/arcusin.isocialdev.com\/es\/wp-json\/wp\/v2\/comments?post=37645"}],"version-history":[{"count":3,"href":"https:\/\/arcusin.isocialdev.com\/es\/wp-json\/wp\/v2\/posts\/37645\/revisions"}],"predecessor-version":[{"id":55721,"href":"https:\/\/arcusin.isocialdev.com\/es\/wp-json\/wp\/v2\/posts\/37645\/revisions\/55721"}],"wp:featuredmedia":[{"embeddable":true,"href":"https:\/\/arcusin.isocialdev.com\/es\/wp-json\/wp\/v2\/media\/37946"}],"wp:attachment":[{"href":"https:\/\/arcusin.isocialdev.com\/es\/wp-json\/wp\/v2\/media?parent=37645"}],"wp:term":[{"taxonomy":"category","embeddable":true,"href":"https:\/\/arcusin.isocialdev.com\/es\/wp-json\/wp\/v2\/categories?post=37645"},{"taxonomy":"post_tag","embeddable":true,"href":"https:\/\/arcusin.isocialdev.com\/es\/wp-json\/wp\/v2\/tags?post=37645"}],"curies":[{"name":"wp","href":"https:\/\/api.w.org\/{rel}","templated":true}]}}