{"id":12539,"date":"2021-12-28T00:00:00","date_gmt":"2021-12-28T00:00:00","guid":{"rendered":"https:\/\/arcusin.isocialdev.com\/arcusin-receives-an-award-for-its-leadership-in-innovation-and-digitalization\/"},"modified":"2024-07-08T11:30:17","modified_gmt":"2024-07-08T11:30:17","slug":"arcusin-receives-an-award-for-its-leadership-in-innovation-and-digitalization","status":"publish","type":"post","link":"https:\/\/arcusin.isocialdev.com\/es\/arcusin-receives-an-award-for-its-leadership-in-innovation-and-digitalization\/","title":{"rendered":"Arcusin recibe un premio por su Liderazgo en Innovaci\u00f3n y Digitalizaci\u00f3n"},"content":{"rendered":"<p>La Cambra de Comercio de Lleida acogi\u00f3 el pasado 21 de diciembre la quinta edici\u00f3n del <strong>premio PIME del A\u00f1o<\/strong>, juntamente con la <strong>Cambra de Comercio de Espa\u00f1a y Banco Santander<\/strong>. Estos premios buscan reconocer el esfuerzo que est\u00e1n realizando las empresas de Lleida en la generaci\u00f3n de ocupaci\u00f3n y riqueza del territorio.<\/p>\n<p>En los \u00faltimos a\u00f1os, Arcusin ha experimentado una gran transformaci\u00f3n digital, integrando tecnolog\u00edas digitales a todas las \u00e1reas de nuestro negocio con el objetivo de <strong>brindar nuevas oportunidades de negocio y aportar valor a nuestros clientes<\/strong>. Este cambio se volvi\u00f3 especialmente importante durante el 2020 ra\u00edz de la pandemia mundial, ya que nos vimos obligados a encontrar nuevas formas de mantenernos conectados con nuestros clientes internacionales y buscar nuevas v\u00edas de generaci\u00f3n de ventas.<\/p>\n<p>Estos esfuerzos fueron reconocidos el martes pasado por la Cambra de Comercio, ya que Arcusin recibi\u00f3 el premio por ser una empresa L\u00edder en Innovaci\u00f3n y Digitalizaci\u00f3n dentro de la provincia de Lleida.<\/p>\n<p>Estamos agradecidos por el reconocimiento y nos sentimos muy orgullosos de nuestro equipo por todos los \u00e9xitos conseguidos en estos \u00faltimos a\u00f1os. <strong>Esto nos sirve como motivaci\u00f3n para continuar mejorando y evolucionando nuestro negocio, sin parar de satisfacer las necesidades de la industria agr\u00edcola<\/strong>.<\/p>\n<p><a href=\"https:\/\/arcusin.isocialdev.com\/wp-content\/uploads\/2021\/12\/202112_Arcusin-Premi-PYME-5.jpg\"><img loading=\"lazy\" decoding=\"async\" class=\"alignnone wp-image-16335 size-full\" src=\"https:\/\/arcusin.isocialdev.com\/wp-content\/uploads\/2021\/12\/202112_Arcusin-Premi-PYME-5.jpg\" alt=\"\" width=\"1085\" height=\"718\" srcset=\"https:\/\/arcusin.isocialdev.com\/wp-content\/uploads\/2021\/12\/202112_Arcusin-Premi-PYME-5.jpg 1085w, https:\/\/arcusin.isocialdev.com\/wp-content\/uploads\/2021\/12\/202112_Arcusin-Premi-PYME-5-300x199.jpg 300w, https:\/\/arcusin.isocialdev.com\/wp-content\/uploads\/2021\/12\/202112_Arcusin-Premi-PYME-5-1024x678.jpg 1024w, https:\/\/arcusin.isocialdev.com\/wp-content\/uploads\/2021\/12\/202112_Arcusin-Premi-PYME-5-768x508.jpg 768w\" sizes=\"auto, (max-width: 1085px) 100vw, 1085px\" \/><\/a><\/p>\n","protected":false},"excerpt":{"rendered":"<p>La Cambra de Comercio de Lleida acogi\u00f3 el pasado 21 de diciembre la quinta edici\u00f3n del premio PIME del A\u00f1o, juntamente con la Cambra de Comercio de Espa\u00f1a y Banco Santander. Estos premios buscan reconocer el esfuerzo que est\u00e1n realizando las empresas de Lleida en la generaci\u00f3n de ocupaci\u00f3n y riqueza del territorio.<\/p>\n","protected":false},"author":156,"featured_media":23837,"comment_status":"open","ping_status":"open","sticky":false,"template":"","format":"standard","meta":{"content-type":"","footnotes":""},"categories":[378,379,3],"tags":[],"class_list":["post-12539","post","type-post","status-publish","format-standard","has-post-thumbnail","hentry","category-exposiciones-y-eventos","category-sobre-arcussin","category-todas"],"_links":{"self":[{"href":"https:\/\/arcusin.isocialdev.com\/es\/wp-json\/wp\/v2\/posts\/12539","targetHints":{"allow":["GET"]}}],"collection":[{"href":"https:\/\/arcusin.isocialdev.com\/es\/wp-json\/wp\/v2\/posts"}],"about":[{"href":"https:\/\/arcusin.isocialdev.com\/es\/wp-json\/wp\/v2\/types\/post"}],"author":[{"embeddable":true,"href":"https:\/\/arcusin.isocialdev.com\/es\/wp-json\/wp\/v2\/users\/156"}],"replies":[{"embeddable":true,"href":"https:\/\/arcusin.isocialdev.com\/es\/wp-json\/wp\/v2\/comments?post=12539"}],"version-history":[{"count":1,"href":"https:\/\/arcusin.isocialdev.com\/es\/wp-json\/wp\/v2\/posts\/12539\/revisions"}],"predecessor-version":[{"id":51030,"href":"https:\/\/arcusin.isocialdev.com\/es\/wp-json\/wp\/v2\/posts\/12539\/revisions\/51030"}],"wp:featuredmedia":[{"embeddable":true,"href":"https:\/\/arcusin.isocialdev.com\/es\/wp-json\/wp\/v2\/media\/23837"}],"wp:attachment":[{"href":"https:\/\/arcusin.isocialdev.com\/es\/wp-json\/wp\/v2\/media?parent=12539"}],"wp:term":[{"taxonomy":"category","embeddable":true,"href":"https:\/\/arcusin.isocialdev.com\/es\/wp-json\/wp\/v2\/categories?post=12539"},{"taxonomy":"post_tag","embeddable":true,"href":"https:\/\/arcusin.isocialdev.com\/es\/wp-json\/wp\/v2\/tags?post=12539"}],"curies":[{"name":"wp","href":"https:\/\/api.w.org\/{rel}","templated":true}]}}