{"id":12535,"date":"2020-03-12T00:00:00","date_gmt":"2020-03-12T00:00:00","guid":{"rendered":"https:\/\/arcusin.isocialdev.com\/arcusin-en-fieragricola-verona\/"},"modified":"2024-07-08T11:46:40","modified_gmt":"2024-07-08T11:46:40","slug":"arcusin-en-fieragricola-verona","status":"publish","type":"post","link":"https:\/\/arcusin.isocialdev.com\/es\/arcusin-en-fieragricola-verona\/","title":{"rendered":"Arcusin en Fieragricola (Verona)"},"content":{"rendered":"<p>El pasado m\u00e9s de Enero Arcusin particip\u00f3 por primera vez en su historia en la 114 edci\u00f3n de Fieragricola en Verona. Se trata de una feria internacional para el sector agr\u00edcola y una de las pocas ferias en Italia con una visi\u00f3n completa de tecnolog\u00edas y productos para la industria. Se compone de varios sub-ferias y por lo tanto cubre toda el \u00e1rea: las tecnolog\u00edas y <a href=\"\/\">maquinarias agr\u00edcolas<\/a>, equipamiento para la ganader\u00eda, la agricultura de materiales, energ\u00edas renovables y los servicios para el sector agr\u00edcola.<\/p>\n<p>Fue una primera toma de contacto en italia que nos permiti\u00f3 conocer personalemente a cliente y distribuidores adem\u00e1s de degustar su fant\u00e1stica gastronomia.<\/p>\n<p>&nbsp;<\/p>\n\n","protected":false},"excerpt":{"rendered":"<p>Fue una primera toma de contacto en italia que nos permiti\u00f3 conocer personalemente a cliente y distribuidores adem\u00e1s de degustar su fant\u00e1stica gastronomia.<\/p>\n","protected":false},"author":156,"featured_media":0,"comment_status":"open","ping_status":"open","sticky":false,"template":"","format":"standard","meta":{"content-type":"","footnotes":""},"categories":[378,377,3],"tags":[],"class_list":["post-12535","post","type-post","status-publish","format-standard","hentry","category-exposiciones-y-eventos","category-sobre-agricultura","category-todas"],"_links":{"self":[{"href":"https:\/\/arcusin.isocialdev.com\/es\/wp-json\/wp\/v2\/posts\/12535","targetHints":{"allow":["GET"]}}],"collection":[{"href":"https:\/\/arcusin.isocialdev.com\/es\/wp-json\/wp\/v2\/posts"}],"about":[{"href":"https:\/\/arcusin.isocialdev.com\/es\/wp-json\/wp\/v2\/types\/post"}],"author":[{"embeddable":true,"href":"https:\/\/arcusin.isocialdev.com\/es\/wp-json\/wp\/v2\/users\/156"}],"replies":[{"embeddable":true,"href":"https:\/\/arcusin.isocialdev.com\/es\/wp-json\/wp\/v2\/comments?post=12535"}],"version-history":[{"count":1,"href":"https:\/\/arcusin.isocialdev.com\/es\/wp-json\/wp\/v2\/posts\/12535\/revisions"}],"predecessor-version":[{"id":51036,"href":"https:\/\/arcusin.isocialdev.com\/es\/wp-json\/wp\/v2\/posts\/12535\/revisions\/51036"}],"wp:attachment":[{"href":"https:\/\/arcusin.isocialdev.com\/es\/wp-json\/wp\/v2\/media?parent=12535"}],"wp:term":[{"taxonomy":"category","embeddable":true,"href":"https:\/\/arcusin.isocialdev.com\/es\/wp-json\/wp\/v2\/categories?post=12535"},{"taxonomy":"post_tag","embeddable":true,"href":"https:\/\/arcusin.isocialdev.com\/es\/wp-json\/wp\/v2\/tags?post=12535"}],"curies":[{"name":"wp","href":"https:\/\/api.w.org\/{rel}","templated":true}]}}