{"id":12534,"date":"2020-07-01T00:00:00","date_gmt":"2020-07-01T00:00:00","guid":{"rendered":"https:\/\/arcusin.isocialdev.com\/plan-estrategico-2020-2022\/"},"modified":"2024-07-08T11:47:04","modified_gmt":"2024-07-08T11:47:04","slug":"plan-estrategico-2020-2022","status":"publish","type":"post","link":"https:\/\/arcusin.isocialdev.com\/es\/plan-estrategico-2020-2022\/","title":{"rendered":"PLAN ESTRAT\u00c9GICO 2020-2022"},"content":{"rendered":"<p>Durante los \u00faltimos meses <strong>Arcusin<\/strong> ha estado trabajando en el Plan Estrat\u00e9gico de los pr\u00f3ximos tres a\u00f1os para dar un nuevo impulso a la empresa.<\/p>\n<p>Con la llegada de la nueva generaci\u00f3n se consider\u00f3 oportuno replantearse la misi\u00f3n, \u00bfqu\u00e9 somos?, la visi\u00f3n, \u00bfqu\u00e9 queremos ser?,\u00a0 y tambi\u00e9n los valores que quiere transmitir Arcusin, \u00bfc\u00f3mo somos?<\/p>\n<p><strong>MISI\u00d3N<\/strong>: Fabricante de maquinaria agr\u00edcola de alta tecnolog\u00eda especializada en el sector de la manipulaci\u00f3n de pacas.<\/p>\n<p><strong>VISI\u00d3N<\/strong>: L\u00edderes del sector con tecnolog\u00eda innovadora i patentada.<\/p>\n<p><strong>VALORES<\/strong>: \u00c1giles, Responsables, Comprometidos, \u00datiles, Serviciales, Innovadores, Nobles.<\/p>\n<p>Replantearse todas estas cuestiones requer\u00eda implicar a todos y cada uno de los miembros de la empresa y hacer una profunda revisi\u00f3n de las necesidades y de\u00a0 los objetivos de cada departamento siguiendo el mismo hilo conductor: <strong>acelerar la ingenier\u00eda para potenciar los mercados actuales. <\/strong><\/p>\n<p>El resultado son m\u00e1s de <strong>38 proyectos<\/strong> que se presentaron en una sesi\u00f3n informativa el pasado 20 de diciembre en la Llotja de Lleida y a la que asisti\u00f3 todo el equipo que forma ARCUSIN.\u00a0 Divididos en 3 grandes bloques: <strong>clientes y mercados<\/strong>, <strong>m\u00e1quinas y servicios<\/strong> y <strong>organizaci\u00f3n interna<\/strong>, cada departamento present\u00f3 a grandes rasgos sus proyectos.<\/p>\n<p>Para acabar la jornada con un toque l\u00fadico, aprovechamos para reconocer la labor de algunos de nuestros compa\u00f1eros y se otorgaron reconocimientos tan diversos como al mejor \u2018Compa\u00f1ero\u2019 al mejor\u00a0 \u2018Buenos d\u00edas\u2019 o al \u2018M\u00e1s trabajador\u2019.<\/p>\n","protected":false},"excerpt":{"rendered":"<p>Durante los \u00faltimos meses Arcusin ha estado trabajando en el Plan Estrat\u00e9gico de los pr\u00f3ximos tres a\u00f1os para dar un nuevo impulso a la empresa.<\/p>\n","protected":false},"author":156,"featured_media":25819,"comment_status":"open","ping_status":"open","sticky":false,"template":"","format":"standard","meta":{"content-type":"","footnotes":""},"categories":[379,3],"tags":[],"class_list":["post-12534","post","type-post","status-publish","format-standard","has-post-thumbnail","hentry","category-sobre-arcussin","category-todas"],"_links":{"self":[{"href":"https:\/\/arcusin.isocialdev.com\/es\/wp-json\/wp\/v2\/posts\/12534","targetHints":{"allow":["GET"]}}],"collection":[{"href":"https:\/\/arcusin.isocialdev.com\/es\/wp-json\/wp\/v2\/posts"}],"about":[{"href":"https:\/\/arcusin.isocialdev.com\/es\/wp-json\/wp\/v2\/types\/post"}],"author":[{"embeddable":true,"href":"https:\/\/arcusin.isocialdev.com\/es\/wp-json\/wp\/v2\/users\/156"}],"replies":[{"embeddable":true,"href":"https:\/\/arcusin.isocialdev.com\/es\/wp-json\/wp\/v2\/comments?post=12534"}],"version-history":[{"count":1,"href":"https:\/\/arcusin.isocialdev.com\/es\/wp-json\/wp\/v2\/posts\/12534\/revisions"}],"predecessor-version":[{"id":51033,"href":"https:\/\/arcusin.isocialdev.com\/es\/wp-json\/wp\/v2\/posts\/12534\/revisions\/51033"}],"wp:featuredmedia":[{"embeddable":true,"href":"https:\/\/arcusin.isocialdev.com\/es\/wp-json\/wp\/v2\/media\/25819"}],"wp:attachment":[{"href":"https:\/\/arcusin.isocialdev.com\/es\/wp-json\/wp\/v2\/media?parent=12534"}],"wp:term":[{"taxonomy":"category","embeddable":true,"href":"https:\/\/arcusin.isocialdev.com\/es\/wp-json\/wp\/v2\/categories?post=12534"},{"taxonomy":"post_tag","embeddable":true,"href":"https:\/\/arcusin.isocialdev.com\/es\/wp-json\/wp\/v2\/tags?post=12534"}],"curies":[{"name":"wp","href":"https:\/\/api.w.org\/{rel}","templated":true}]}}