{"id":12526,"date":"2019-03-14T00:00:00","date_gmt":"2019-03-14T00:00:00","guid":{"rendered":"https:\/\/arcusin.isocialdev.com\/sima-2019\/"},"modified":"2024-07-15T11:16:00","modified_gmt":"2024-07-15T11:16:00","slug":"sima-2019","status":"publish","type":"post","link":"https:\/\/arcusin.isocialdev.com\/es\/sima-2019\/","title":{"rendered":"Feria SIMA 2019"},"content":{"rendered":"<p>Durante los pasados 24 a 28 de febrero tuvo de nuevo lugar en Villepinte, Par\u00eds, una edici\u00f3n m\u00e1s de la <strong>SIMA<\/strong>, la feria de maquinaria agr\u00edcola m\u00e1s importante de Francia. <strong>Arcusin<\/strong> volvi\u00f3 a estar presente con un stand, como ya viene siendo habitual, en este acontecimiento en el que se re\u00fanen las principales marcas del sector para presentar sus novedades con vistas a la ya inminente campa\u00f1a.<\/p>\n<p>Durante los 5 d\u00edas de feria, <strong>Arcusin<\/strong> tuvo la oportunidad de saludar a numerosos clientes y amigos, as\u00ed como afianzar su amplia presencia en el mercado galo.<\/p>\n<p>En esta edici\u00f3n presentamos de forma exclusiva el <strong>\u00faltimo modelo de <a href=\"https:\/\/arcusin.isocialdev.com\/es\/productos\/multipack\/\/\">agrupador de pacas peque\u00f1as<\/a>, el MultiPack C14+<\/strong>, coincidiendo con el <strong>25 aniversario del desarrollo del primer modelo<\/strong>, el revolucionario MultiPack A-14.<\/p>\n<p>Como muchos clientes nos hicieron saber, el agrupador tuvo un <strong>gran impacto en sus negocios y marc\u00f3 un antes y un despu\u00e9s en la manipulaci\u00f3n<\/strong> mec\u00e1nica de las pacas peque\u00f1as.<\/p>\n","protected":false},"excerpt":{"rendered":"<p>Durante los pasados 24 a 28 de febrero tuvo de nuevo lugar en Villepinte, Par\u00eds, una edici\u00f3n m\u00e1s de la SIMA, la feria de maquinaria agr\u00edcola m\u00e1s importante de Francia. Arcusin volvi\u00f3 a estar presente con un stand, como ya viene siendo habitual, en este acontecimiento en el que se re\u00fanen las principales marcas del sector para presentar sus novedades con vistas a la ya inminente campa\u00f1a.<\/p>\n","protected":false},"author":156,"featured_media":26104,"comment_status":"open","ping_status":"open","sticky":false,"template":"","format":"standard","meta":{"content-type":"","footnotes":""},"categories":[378,3],"tags":[],"class_list":["post-12526","post","type-post","status-publish","format-standard","has-post-thumbnail","hentry","category-exposiciones-y-eventos","category-todas"],"_links":{"self":[{"href":"https:\/\/arcusin.isocialdev.com\/es\/wp-json\/wp\/v2\/posts\/12526","targetHints":{"allow":["GET"]}}],"collection":[{"href":"https:\/\/arcusin.isocialdev.com\/es\/wp-json\/wp\/v2\/posts"}],"about":[{"href":"https:\/\/arcusin.isocialdev.com\/es\/wp-json\/wp\/v2\/types\/post"}],"author":[{"embeddable":true,"href":"https:\/\/arcusin.isocialdev.com\/es\/wp-json\/wp\/v2\/users\/156"}],"replies":[{"embeddable":true,"href":"https:\/\/arcusin.isocialdev.com\/es\/wp-json\/wp\/v2\/comments?post=12526"}],"version-history":[{"count":2,"href":"https:\/\/arcusin.isocialdev.com\/es\/wp-json\/wp\/v2\/posts\/12526\/revisions"}],"predecessor-version":[{"id":55684,"href":"https:\/\/arcusin.isocialdev.com\/es\/wp-json\/wp\/v2\/posts\/12526\/revisions\/55684"}],"wp:featuredmedia":[{"embeddable":true,"href":"https:\/\/arcusin.isocialdev.com\/es\/wp-json\/wp\/v2\/media\/26104"}],"wp:attachment":[{"href":"https:\/\/arcusin.isocialdev.com\/es\/wp-json\/wp\/v2\/media?parent=12526"}],"wp:term":[{"taxonomy":"category","embeddable":true,"href":"https:\/\/arcusin.isocialdev.com\/es\/wp-json\/wp\/v2\/categories?post=12526"},{"taxonomy":"post_tag","embeddable":true,"href":"https:\/\/arcusin.isocialdev.com\/es\/wp-json\/wp\/v2\/tags?post=12526"}],"curies":[{"name":"wp","href":"https:\/\/api.w.org\/{rel}","templated":true}]}}