{"id":12523,"date":"2018-11-05T00:00:00","date_gmt":"2018-11-05T00:00:00","guid":{"rendered":"https:\/\/arcusin.isocialdev.com\/matricula-ya-tus-maquinas-remolcadas-sea-tarde\/"},"modified":"2024-07-08T11:48:29","modified_gmt":"2024-07-08T11:48:29","slug":"matricula-ya-tus-maquinas-remolcadas-sea-tarde","status":"publish","type":"post","link":"https:\/\/arcusin.isocialdev.com\/es\/matricula-ya-tus-maquinas-remolcadas-sea-tarde\/","title":{"rendered":"\u00a1Matricula ya tus m\u00e1quinas remolcadas antes de que sea tarde!"},"content":{"rendered":"<h2>\u00a1AGRICULTOR! ES EL MOMENTO DE MATRICULAR TUS M\u00c1QUINAS REMOLCADAS \u00a1DESPU\u00c9S NO PODR\u00c1S!<\/h2>\n<p>El <strong>1 de enero de 2019<\/strong> se aplicar\u00e1n los nuevos requisitos de homologaci\u00f3n del <strong>Reglamento Europeo 167\/2013<\/strong> que son aplicables a la homologaci\u00f3n de remolques y m\u00e1quinas remolcadas en Espa\u00f1a.<\/p>\n<h3><span style=\"color: #ff0000;\">SE RECOMIENDA LA MATRICULACI\u00d3N ANTES DEL 31 DE DICIEMBRE DE 2018 DE TODOS LOS VEH\u00cdCULOS AGR\u00cdCOLAS REMOLCADOS PROVISTOS DE DOCUMENTACI\u00d3N QUE ACTUALMENTE EST\u00c9N EN USO.<\/span><\/h3>\n<p>Si usted dispone de un veh\u00edculo que no ha matriculado hasta ahora debe considerar que, si no lo matricula ahora, posteriormente le ser\u00e1 imposible utilizarlo en las v\u00edas p\u00fablicas y reducir\u00e1 sus opciones de venta.<\/p>\n<p><strong><a href=\"https:\/\/arcusin.isocialdev.com\/es\/contacta-con-nosotros\/\">CONTACTE<\/a> CON SU FABRICANTE Y LE FACILITAR\u00c1 LA INFORMACI\u00d3N NECESARIA PARA MATRICULAR SUS VEH\u00cdCULOS.<\/strong><\/p>\n<p><span style=\"color: #ff0000;\"><strong>\u00a1IMPORTANTE!<\/strong> <\/span>Aunque no se puedan matricular, s\u00ed que podr\u00e1n inscribirse en el Registro Oficial de Maquinaria Agr\u00edcola, pero obviamente no podr\u00e1n circular por las v\u00edas p\u00fablicas.<\/p>\n<p>(fuente: ANSEMAT)<\/p>\n<p>&nbsp;<\/p>\n","protected":false},"excerpt":{"rendered":"<p>El 1 de enero de 2019 se aplicar\u00e1n los nuevos requisitos de homologaci\u00f3n del Reglamento Europeo 167\/2013 que son aplicables a la homologaci\u00f3n de remolques y m\u00e1quinas remolcadas en Espa\u00f1a.<\/p>\n","protected":false},"author":156,"featured_media":0,"comment_status":"open","ping_status":"open","sticky":false,"template":"","format":"standard","meta":{"content-type":"","footnotes":""},"categories":[377,3],"tags":[],"class_list":["post-12523","post","type-post","status-publish","format-standard","hentry","category-sobre-agricultura","category-todas"],"_links":{"self":[{"href":"https:\/\/arcusin.isocialdev.com\/es\/wp-json\/wp\/v2\/posts\/12523","targetHints":{"allow":["GET"]}}],"collection":[{"href":"https:\/\/arcusin.isocialdev.com\/es\/wp-json\/wp\/v2\/posts"}],"about":[{"href":"https:\/\/arcusin.isocialdev.com\/es\/wp-json\/wp\/v2\/types\/post"}],"author":[{"embeddable":true,"href":"https:\/\/arcusin.isocialdev.com\/es\/wp-json\/wp\/v2\/users\/156"}],"replies":[{"embeddable":true,"href":"https:\/\/arcusin.isocialdev.com\/es\/wp-json\/wp\/v2\/comments?post=12523"}],"version-history":[{"count":1,"href":"https:\/\/arcusin.isocialdev.com\/es\/wp-json\/wp\/v2\/posts\/12523\/revisions"}],"predecessor-version":[{"id":51045,"href":"https:\/\/arcusin.isocialdev.com\/es\/wp-json\/wp\/v2\/posts\/12523\/revisions\/51045"}],"wp:attachment":[{"href":"https:\/\/arcusin.isocialdev.com\/es\/wp-json\/wp\/v2\/media?parent=12523"}],"wp:term":[{"taxonomy":"category","embeddable":true,"href":"https:\/\/arcusin.isocialdev.com\/es\/wp-json\/wp\/v2\/categories?post=12523"},{"taxonomy":"post_tag","embeddable":true,"href":"https:\/\/arcusin.isocialdev.com\/es\/wp-json\/wp\/v2\/tags?post=12523"}],"curies":[{"name":"wp","href":"https:\/\/api.w.org\/{rel}","templated":true}]}}