{"id":12521,"date":"2018-09-14T00:00:00","date_gmt":"2018-09-14T00:00:00","guid":{"rendered":"https:\/\/arcusin.isocialdev.com\/acumulador-forstack-la-conquista-europa\/"},"modified":"2024-07-08T11:35:13","modified_gmt":"2024-07-08T11:35:13","slug":"acumulador-forstack-la-conquista-europa","status":"publish","type":"post","link":"https:\/\/arcusin.isocialdev.com\/es\/acumulador-forstack-la-conquista-europa\/","title":{"rendered":"El acumulador ForStack a la conquista de Europa"},"content":{"rendered":"<p><span style=\"font-weight: 400;\">Tras la exitosa ruta de demostraci\u00f3n por Francia con el <a href=\"https:\/\/arcusin.isocialdev.com\/es\/productos\/forstack-es\/\"><strong>acumulador de pacas <\/strong><\/a><\/span><b>ForStack<\/b><span style=\"font-weight: 400;\"> durante la campa\u00f1a de 2017, este a\u00f1o se decidi\u00f3 repetir la experiencia e incluso ampliarla. \u00a0Se decidi\u00f3 visitar, adem\u00e1s de a numerosos clientes franceses, a una representaci\u00f3n de agricultores alemanes, todos ellos en sus propios campos en <\/span><b>plena \u00e9poca de recolecci\u00f3n de pacas<\/b><span style=\"font-weight: 400;\">.<\/span><\/p>\n<p><span style=\"font-weight: 400;\">En esta ocasi\u00f3n se trat\u00f3 de <\/span><b>dos semanas de recorrido y trabajo en los campos franceses y germanos<\/b><span style=\"font-weight: 400;\">. Afortunadamente, el tiempo fue muy benigno con lo que las <\/span><b>condiciones fueron id\u00f3neas<\/b><span style=\"font-weight: 400;\">. Los clientes quedaron de nuevo maravillados al ver la <\/span><b>velocidad y el rendimiento<\/b><span style=\"font-weight: 400;\"> de esta m\u00e1quina, la benjamina de la empresa pero ya, despu\u00e9s de tan solo 6 a\u00f1os de vida, con gran implantaci\u00f3n en el pa\u00eds vecino.<\/span><\/p>\n<p><span style=\"font-weight: 400;\">Los interesados tuvieron la oportunidad no solo de verla en pleno funcionamiento en condiciones de trabajo normal sino de<\/span><b> trabajar personalmente con ella<\/b><span style=\"font-weight: 400;\">, comprendiendo as\u00ed la <\/span><b>sencillez de uso que aporta su total automatismo<\/b><span style=\"font-weight: 400;\">. Una vez m\u00e1s, la m\u00e1quina <\/span><b>triunf\u00f3 incluso en las condiciones m\u00e1s adversas<\/b><span style=\"font-weight: 400;\">, como en terrenos irregulares y escarpados, e incluso <\/span><b>siguiendo el ritmo de hasta tres empacadoras<\/b><span style=\"font-weight: 400;\">. Se vuelve a evidenciar que se trata sin duda de una m\u00e1quina que gana mucho en las distancias cortas.<\/span><\/p>\n<p><span style=\"font-weight: 400;\">El <\/span><b>acumulador de pacas ForStack <\/b><span style=\"font-weight: 400;\">realiza peque\u00f1as pilas de 3 a 5 pacas, en funci\u00f3n de su tama\u00f1o, siguiendo el mismo sentido de las empacadoras. Se trata de una<\/span><b> m\u00e1quina r\u00e1pida y \u00e1gil <\/b><span style=\"font-weight: 400;\">que lleva a cabo una tarea espec\u00edfica inc\u00f3moda de hacer con otras m\u00e1quinas o aperos pensados para otros usos<\/span><b>.<\/b><\/p>\n<p>&nbsp;<\/p>\n<p><b>\u00a0<\/b><\/p>\n","protected":false},"excerpt":{"rendered":"<p>Tras la exitosa ruta de demostraci\u00f3n por Francia con el acumulador de pacas ForStack durante la campa\u00f1a de 2017, este a\u00f1o se decidi\u00f3 repetir la experiencia e incluso ampliarla. \u00a0Se decidi\u00f3 visitar, adem\u00e1s de a numerosos clientes franceses, a una representaci\u00f3n de agricultores alemanes, todos ellos en sus propios campos en plena \u00e9poca de recolecci\u00f3n de pacas.<\/p>\n","protected":false},"author":156,"featured_media":26245,"comment_status":"open","ping_status":"open","sticky":false,"template":"","format":"standard","meta":{"content-type":"","footnotes":""},"categories":[377,379,380,3],"tags":[],"class_list":["post-12521","post","type-post","status-publish","format-standard","has-post-thumbnail","hentry","category-sobre-agricultura","category-sobre-arcussin","category-sobre-nuestras-maquinas","category-todas"],"_links":{"self":[{"href":"https:\/\/arcusin.isocialdev.com\/es\/wp-json\/wp\/v2\/posts\/12521","targetHints":{"allow":["GET"]}}],"collection":[{"href":"https:\/\/arcusin.isocialdev.com\/es\/wp-json\/wp\/v2\/posts"}],"about":[{"href":"https:\/\/arcusin.isocialdev.com\/es\/wp-json\/wp\/v2\/types\/post"}],"author":[{"embeddable":true,"href":"https:\/\/arcusin.isocialdev.com\/es\/wp-json\/wp\/v2\/users\/156"}],"replies":[{"embeddable":true,"href":"https:\/\/arcusin.isocialdev.com\/es\/wp-json\/wp\/v2\/comments?post=12521"}],"version-history":[{"count":1,"href":"https:\/\/arcusin.isocialdev.com\/es\/wp-json\/wp\/v2\/posts\/12521\/revisions"}],"predecessor-version":[{"id":51047,"href":"https:\/\/arcusin.isocialdev.com\/es\/wp-json\/wp\/v2\/posts\/12521\/revisions\/51047"}],"wp:featuredmedia":[{"embeddable":true,"href":"https:\/\/arcusin.isocialdev.com\/es\/wp-json\/wp\/v2\/media\/26245"}],"wp:attachment":[{"href":"https:\/\/arcusin.isocialdev.com\/es\/wp-json\/wp\/v2\/media?parent=12521"}],"wp:term":[{"taxonomy":"category","embeddable":true,"href":"https:\/\/arcusin.isocialdev.com\/es\/wp-json\/wp\/v2\/categories?post=12521"},{"taxonomy":"post_tag","embeddable":true,"href":"https:\/\/arcusin.isocialdev.com\/es\/wp-json\/wp\/v2\/tags?post=12521"}],"curies":[{"name":"wp","href":"https:\/\/api.w.org\/{rel}","templated":true}]}}