{"id":12520,"date":"2018-07-17T00:00:00","date_gmt":"2018-07-17T00:00:00","guid":{"rendered":"https:\/\/arcusin.isocialdev.com\/demostraciones-pie-campo-los-paises-bajos\/"},"modified":"2024-07-08T11:26:58","modified_gmt":"2024-07-08T11:26:58","slug":"demostraciones-pie-campo-los-paises-bajos","status":"publish","type":"post","link":"https:\/\/arcusin.isocialdev.com\/es\/demostraciones-pie-campo-los-paises-bajos\/","title":{"rendered":"Demostraciones a pie de campo en los Pa\u00edses Bajos"},"content":{"rendered":"<p><span style=\"font-weight: 400;\">Dentro de la intensa actividad comercial previa a la campa\u00f1a de recogida de pacas de forraje, el pasado mes de junio <\/span><b>ARCUSIN<\/b><span style=\"font-weight: 400;\"> realiz\u00f3 unas jornadas de demostraci\u00f3n del <a href=\"https:\/\/arcusin.isocialdev.com\/es\/productos\/multipack\/\/\">agrupador de pacas peque\u00f1as <\/a><\/span><b>Multipack C14<\/b><span style=\"font-weight: 400;\"> y el acumulador de pacas <\/span><b>ForStack<\/b><span style=\"font-weight: 400;\">. El 16 y 17 de Junio se pudieron ver las m\u00e1quinas trabajando en B\u00e9lgica, y el 24 de Junio en Holanda. <\/span><b>\u00a1Nuestro colaborador de los Pa\u00edses Bajos organiz\u00f3 las jornadas para que no faltara nada!<\/b><\/p>\n<p><span style=\"font-weight: 400;\">El desempe\u00f1o de ambas m\u00e1quinas sorprendi\u00f3 y despert\u00f3 el inter\u00e9s un\u00e1nime de los numerosos visitantes presentes, bastantes de los cuales hab\u00edan recorrido largas distancias para poder ver nuestras m\u00e1quinas en acci\u00f3n.<\/span><\/p>\n<p><span style=\"font-weight: 400;\">Afortunadamente, el tiempo acompa\u00f1\u00f3 durante los 2 fines de semana y se pudieron realizar varias demostraciones cada d\u00eda. Desde <\/span><b>ARCUSIN<\/b><span style=\"font-weight: 400;\"> estamos convencidos de que, sin duda, <\/span><b>este ser\u00e1 un<\/b> <b>nuevo impulso para la ya creciente introducci\u00f3n de nuestras m\u00e1quinas en el Benelux<\/b><span style=\"font-weight: 400;\">.<\/span><\/p>\n<p>&nbsp;<\/p>\n<p><span style=\"font-weight: 400;\">\u00a0<\/span><\/p>\n","protected":false},"excerpt":{"rendered":"<p>Dentro de la intensa actividad comercial previa a la campa\u00f1a de recogida de pacas de forraje, el pasado mes de junio ARCUSIN realiz\u00f3 unas jornadas de demostraci\u00f3n del agrupador de pacas peque\u00f1as Multipack C14 y el acumulador de pacas ForStack. El 16 y 17 de Junio se pudieron ver las m\u00e1quinas trabajando en B\u00e9lgica, y el 24 de Junio en Holanda. \u00a1Nuestro colaborador de los Pa\u00edses Bajos organiz\u00f3 las jornadas para que no faltara nada!<\/p>\n","protected":false},"author":156,"featured_media":26296,"comment_status":"open","ping_status":"open","sticky":false,"template":"","format":"standard","meta":{"content-type":"","footnotes":""},"categories":[377,379,3],"tags":[],"class_list":["post-12520","post","type-post","status-publish","format-standard","has-post-thumbnail","hentry","category-sobre-agricultura","category-sobre-arcussin","category-todas"],"_links":{"self":[{"href":"https:\/\/arcusin.isocialdev.com\/es\/wp-json\/wp\/v2\/posts\/12520","targetHints":{"allow":["GET"]}}],"collection":[{"href":"https:\/\/arcusin.isocialdev.com\/es\/wp-json\/wp\/v2\/posts"}],"about":[{"href":"https:\/\/arcusin.isocialdev.com\/es\/wp-json\/wp\/v2\/types\/post"}],"author":[{"embeddable":true,"href":"https:\/\/arcusin.isocialdev.com\/es\/wp-json\/wp\/v2\/users\/156"}],"replies":[{"embeddable":true,"href":"https:\/\/arcusin.isocialdev.com\/es\/wp-json\/wp\/v2\/comments?post=12520"}],"version-history":[{"count":1,"href":"https:\/\/arcusin.isocialdev.com\/es\/wp-json\/wp\/v2\/posts\/12520\/revisions"}],"predecessor-version":[{"id":51048,"href":"https:\/\/arcusin.isocialdev.com\/es\/wp-json\/wp\/v2\/posts\/12520\/revisions\/51048"}],"wp:featuredmedia":[{"embeddable":true,"href":"https:\/\/arcusin.isocialdev.com\/es\/wp-json\/wp\/v2\/media\/26296"}],"wp:attachment":[{"href":"https:\/\/arcusin.isocialdev.com\/es\/wp-json\/wp\/v2\/media?parent=12520"}],"wp:term":[{"taxonomy":"category","embeddable":true,"href":"https:\/\/arcusin.isocialdev.com\/es\/wp-json\/wp\/v2\/categories?post=12520"},{"taxonomy":"post_tag","embeddable":true,"href":"https:\/\/arcusin.isocialdev.com\/es\/wp-json\/wp\/v2\/tags?post=12520"}],"curies":[{"name":"wp","href":"https:\/\/api.w.org\/{rel}","templated":true}]}}