{"id":12514,"date":"2017-03-08T00:00:00","date_gmt":"2017-03-08T00:00:00","guid":{"rendered":"https:\/\/arcusin.isocialdev.com\/sima-2017\/"},"modified":"2024-07-08T11:55:18","modified_gmt":"2024-07-08T11:55:18","slug":"sima-2017","status":"publish","type":"post","link":"https:\/\/arcusin.isocialdev.com\/es\/sima-2017\/","title":{"rendered":"Sima 2017"},"content":{"rendered":"<p>Durante los pasados 26 de febrero a 2 de marzo tuvo lugar en Villepinte, Par\u00eds, la <strong>SIMA, la feria de maquinaria agr\u00edcola m\u00e1s importante de Francia<\/strong> en la que se reunen las principales marcas del sector para presentar sus novedades con vistas ya a la inminente campa\u00f1a.<\/p>\n<p><strong>Arcusin<\/strong> dej\u00f3 de lado sus colores tradicionales para incorporar el blanco y el azul en un gui\u00f1o a la bandera francesa.<\/p>\n<p>Esta edici\u00f3n tambi\u00e9n estuvo marcada por la <strong>consolidaci\u00f3n del acumulador de pacas ForStack<\/strong>, m\u00e1quina que est\u00e1 triunfando en el mercado galo.<\/p>\n<p>Durante 5 d\u00edas, Arcusin tuvo la oportunidad de saludar a numerosos clientes y amigos y seguir abiertos al mundo, puesto que un elevado n\u00famero de los visitantes eran de origen extranjero.<\/p>\n<p>&nbsp;<\/p>\n<p>&nbsp;<\/p>\n<p>&nbsp;<\/p>\n\n","protected":false},"excerpt":{"rendered":"<p>Durante los pasados 26 de febrero a 2 de marzo tuvo lugar en Villepinte, Par\u00eds, la SIMA, la feria de maquinaria agr\u00edcola m\u00e1s importante de Francia en la que se reunen las principales marcas del sector para presentar sus novedades con vistas ya a la inminente campa\u00f1a.<\/p>\n","protected":false},"author":156,"featured_media":0,"comment_status":"open","ping_status":"open","sticky":false,"template":"","format":"standard","meta":{"content-type":"","footnotes":""},"categories":[378,3],"tags":[],"class_list":["post-12514","post","type-post","status-publish","format-standard","hentry","category-exposiciones-y-eventos","category-todas"],"_links":{"self":[{"href":"https:\/\/arcusin.isocialdev.com\/es\/wp-json\/wp\/v2\/posts\/12514","targetHints":{"allow":["GET"]}}],"collection":[{"href":"https:\/\/arcusin.isocialdev.com\/es\/wp-json\/wp\/v2\/posts"}],"about":[{"href":"https:\/\/arcusin.isocialdev.com\/es\/wp-json\/wp\/v2\/types\/post"}],"author":[{"embeddable":true,"href":"https:\/\/arcusin.isocialdev.com\/es\/wp-json\/wp\/v2\/users\/156"}],"replies":[{"embeddable":true,"href":"https:\/\/arcusin.isocialdev.com\/es\/wp-json\/wp\/v2\/comments?post=12514"}],"version-history":[{"count":1,"href":"https:\/\/arcusin.isocialdev.com\/es\/wp-json\/wp\/v2\/posts\/12514\/revisions"}],"predecessor-version":[{"id":51058,"href":"https:\/\/arcusin.isocialdev.com\/es\/wp-json\/wp\/v2\/posts\/12514\/revisions\/51058"}],"wp:attachment":[{"href":"https:\/\/arcusin.isocialdev.com\/es\/wp-json\/wp\/v2\/media?parent=12514"}],"wp:term":[{"taxonomy":"category","embeddable":true,"href":"https:\/\/arcusin.isocialdev.com\/es\/wp-json\/wp\/v2\/categories?post=12514"},{"taxonomy":"post_tag","embeddable":true,"href":"https:\/\/arcusin.isocialdev.com\/es\/wp-json\/wp\/v2\/tags?post=12514"}],"curies":[{"name":"wp","href":"https:\/\/api.w.org\/{rel}","templated":true}]}}