{"id":65338,"date":"2025-04-16T11:20:53","date_gmt":"2025-04-16T10:20:53","guid":{"rendered":"https:\/\/arcusin.isocialdev.com\/?p=65338"},"modified":"2025-04-16T12:22:12","modified_gmt":"2025-04-16T11:22:12","slug":"media-days-arcusin","status":"publish","type":"post","link":"https:\/\/arcusin.isocialdev.com\/de\/media-days-arcusin\/","title":{"rendered":"Medientage: Arcusin im Rampenlicht"},"content":{"rendered":"<p><strong>Die Einf\u00fchrung neuer Z\u00f6lle auf Produkte, die in die USA exportiert werden, hat Arcusin ins Zentrum der Aufmerksamkeit der spanischen Medien ger\u00fcckt.<\/strong><\/p>\n<p>Es waren intensive Tage, gepr\u00e4gt von Unsicherheit, aber auch von Lernen und \u2013 vor allem \u2013 von Chancen. So sehen wir das zumindest bei Arcusin.<\/p>\n<p>Die Ank\u00fcndigung der Trump-Regierung hat das globale Gleichgewicht ersch\u00fcttert und eine neue Phase weltweiter Handelskonflikte eingel\u00e4utet. In diesem Zusammenhang hat unser Fall besonderes Interesse geweckt \u2013 vor allem, weil <strong>wir 50<\/strong><strong>\u202f<\/strong><strong>% unserer Produktion in die USA exportieren<\/strong> und dort eine eigene Tochtergesellschaft betreiben.<\/p>\n<p>Deshalb haben in den letzten Tagen zahlreiche Medien unsere Zentrale in <strong>Vila-sana (Pla d\u2019Urgell)<\/strong> besucht, darunter <strong>ACN, 3Cat, Antena 3, La Sexta, Telecinco, Cuatro und Mollerussa TV<\/strong>. Unsere Sprecher, Pr\u00e4sident <strong>Manuel Cusin\u00e9<\/strong> und CEO <strong>Blanca Cusin\u00e9<\/strong>, haben unsere Sichtweise auch in reichweitenstarken Sendungen wie <em>Els matins<\/em> (TV3) und <em>Hoy por hoy<\/em> (Cadena SER) dargelegt.<\/p>\n<p><img loading=\"lazy\" decoding=\"async\" class=\"aligncenter wp-image-65364 size-full\" src=\"https:\/\/arcusin.isocialdev.com\/wp-content\/uploads\/2025\/04\/Diseno-sin-titulo-2.jpg\" alt=\"\" width=\"1920\" height=\"1080\" srcset=\"https:\/\/arcusin.isocialdev.com\/wp-content\/uploads\/2025\/04\/Diseno-sin-titulo-2.jpg 1920w, https:\/\/arcusin.isocialdev.com\/wp-content\/uploads\/2025\/04\/Diseno-sin-titulo-2-600x338.jpg 600w, https:\/\/arcusin.isocialdev.com\/wp-content\/uploads\/2025\/04\/Diseno-sin-titulo-2-300x169.jpg 300w, https:\/\/arcusin.isocialdev.com\/wp-content\/uploads\/2025\/04\/Diseno-sin-titulo-2-1024x576.jpg 1024w, https:\/\/arcusin.isocialdev.com\/wp-content\/uploads\/2025\/04\/Diseno-sin-titulo-2-768x432.jpg 768w, https:\/\/arcusin.isocialdev.com\/wp-content\/uploads\/2025\/04\/Diseno-sin-titulo-2-1536x864.jpg 1536w\" sizes=\"auto, (max-width: 1920px) 100vw, 1920px\" \/><\/p>\n<p><strong>Eine Herausforderung\u2026 die Teil unseres Plans war<\/strong><\/p>\n<p>Wie wir den Medien mitgeteilt haben, bedeuten diese Ma\u00dfnahmen keinen unerwarteten Einschnitt in unsere Strategie. Bereits vor einigen Monaten haben wir vorausschauend gehandelt und den n\u00f6tigen Lagerbestand nach Amerika verschickt, um die Nachfrage unserer Kunden zu decken. Zudem verfolgt unsere Strategie schon seit L\u00e4ngerem das Ziel, nicht zu sehr von einem einzelnen Markt abh\u00e4ngig zu sein \u2013 mit einem klaren Ziel: Kein Land soll mehr als 30\u202f% unserer Exporte ausmachen.<\/p>\n<p>Dieser Ansatz hat uns dazu gef\u00fchrt, neue Wege zu erkunden. Heute exportiert <strong>Arcusin Maschinen in \u00fcber 60 L\u00e4nder weltweit<\/strong> und baut gezielt seine Pr\u00e4senz in aufstrebenden M\u00e4rkten wie <strong>Indien und der T\u00fcrkei<\/strong> aus.<\/p>\n<p><strong>Anpassen, vorankommen, weiterentwickeln<\/strong><\/p>\n<p>Der Erfolg in den USA war und bleibt entscheidend f\u00fcr Arcusin. Aber unser Ziel ist nicht, dort weniger zu verkaufen, sondern <strong>weltweit zu wachsen, ohne das Wachstum in Amerika zu verlangsamen<\/strong>. Denn wenn uns etwas auszeichnet, dann ist es unsere <strong>Anpassungsf\u00e4higkeit<\/strong> \u2013 eine zentrale St\u00e4rke, die uns zu einem international anerkannten Akteur im Bereich landwirtschaftlicher Maschinen gemacht hat.<\/p>\n<p>Kurz gesagt: Die aktuelle Lage fordert uns erneut heraus, den Moment richtig zu deuten, den Kurs anzupassen und weiterzugehen. Und dass so viele Medien sich f\u00fcr unsere Perspektive interessieren, best\u00e4tigt, was wir seit Jahren aufbauen: <strong>ein solides Unternehmen mit Weitblick und tiefen Wurzeln in seiner Heimat.<\/strong><\/p>\n","protected":false},"excerpt":{"rendered":"<p>Die Einf\u00fchrung neuer Z\u00f6lle auf Produkte, die in die USA exportiert werden, hat Arcusin ins Zentrum der Aufmerksamkeit der spanischen Medien ger\u00fcckt.<\/p>\n","protected":false},"author":156,"featured_media":65354,"comment_status":"closed","ping_status":"closed","sticky":false,"template":"","format":"standard","meta":{"content-type":"","footnotes":""},"categories":[6],"tags":[],"class_list":["post-65338","post","type-post","status-publish","format-standard","has-post-thumbnail","hentry","category-noticias-de"],"_links":{"self":[{"href":"https:\/\/arcusin.isocialdev.com\/de\/wp-json\/wp\/v2\/posts\/65338","targetHints":{"allow":["GET"]}}],"collection":[{"href":"https:\/\/arcusin.isocialdev.com\/de\/wp-json\/wp\/v2\/posts"}],"about":[{"href":"https:\/\/arcusin.isocialdev.com\/de\/wp-json\/wp\/v2\/types\/post"}],"author":[{"embeddable":true,"href":"https:\/\/arcusin.isocialdev.com\/de\/wp-json\/wp\/v2\/users\/156"}],"replies":[{"embeddable":true,"href":"https:\/\/arcusin.isocialdev.com\/de\/wp-json\/wp\/v2\/comments?post=65338"}],"version-history":[{"count":6,"href":"https:\/\/arcusin.isocialdev.com\/de\/wp-json\/wp\/v2\/posts\/65338\/revisions"}],"predecessor-version":[{"id":65405,"href":"https:\/\/arcusin.isocialdev.com\/de\/wp-json\/wp\/v2\/posts\/65338\/revisions\/65405"}],"wp:featuredmedia":[{"embeddable":true,"href":"https:\/\/arcusin.isocialdev.com\/de\/wp-json\/wp\/v2\/media\/65354"}],"wp:attachment":[{"href":"https:\/\/arcusin.isocialdev.com\/de\/wp-json\/wp\/v2\/media?parent=65338"}],"wp:term":[{"taxonomy":"category","embeddable":true,"href":"https:\/\/arcusin.isocialdev.com\/de\/wp-json\/wp\/v2\/categories?post=65338"},{"taxonomy":"post_tag","embeddable":true,"href":"https:\/\/arcusin.isocialdev.com\/de\/wp-json\/wp\/v2\/tags?post=65338"}],"curies":[{"name":"wp","href":"https:\/\/api.w.org\/{rel}","templated":true}]}}