{"id":64102,"date":"2025-03-06T10:13:39","date_gmt":"2025-03-06T09:13:39","guid":{"rendered":"https:\/\/arcusin.isocialdev.com\/?p=64102"},"modified":"2025-03-06T11:52:30","modified_gmt":"2025-03-06T10:52:30","slug":"arcusin-zukunft","status":"publish","type":"post","link":"https:\/\/arcusin.isocialdev.com\/de\/arcusin-zukunft\/","title":{"rendered":"Innovation mit Seele: Die treibende Kraft hinter Arcusins Zukunft"},"content":{"rendered":"<p><strong>Seit fast f\u00fcnfzig Jahren zeichnet sich Arcusin durch seine F\u00e4higkeit aus, sich an eine sich st\u00e4ndig ver\u00e4ndernde Welt anzupassen und durch sein unersch\u00fctterliches Engagement f\u00fcr die Landwirtschaft.<\/strong><\/p>\n<p>Unser Wesen ist untrennbar mit dem Wunsch verbunden, Landwirte auf der ganzen Welt zu unterst\u00fctzen, ebenso wie mit unserer Verpflichtung zu Technologie, Innovation und inspirierender F\u00fchrung.<\/p>\n<p>Dieser Geist zeigte sich deutlich auf der 9. Trobada #LleidaDigital, einer Veranstaltung, die f\u00fchrende Unternehmer und F\u00fchrungskr\u00e4fte zusammenbrachte, um \u00fcber die aktuellen Herausforderungen und Chancen zu diskutieren. Einer der H\u00f6hepunkte war der Vortrag unserer CEO, Blanca Cusin\u00e9, deren Energie und Vision das Publikum fesselten und sie zu einer der am meisten gefeierten Rednerinnen machten.<\/p>\n<p>Blanca teilte die B\u00fchne mit Joan Talarn, Pr\u00e4sident der Diputaci\u00f3 de Lleida, Jaume Alsina, Gesch\u00e4ftsf\u00fchrer von Bon \u00c0rea, und dem bekannten spanischen Unternehmer und Milliard\u00e4r Jos\u00e9 El\u00edas, Eigent\u00fcmer von Unternehmen wie Audax Renovables und La Sirena. Letzterer zeigte sich besonders beeindruckt von Blancas Klarheit und Entschlossenheit und lobte ihre Rede besonders.<\/p>\n<p>In ihrer Ansprache beschr\u00e4nkte sich Cusin\u00e9 nicht auf Zahlen oder Gesch\u00e4ftsstrategien \u2013 ihr Ansatz ging weit dar\u00fcber hinaus. Sie sprach \u00fcber Herausforderungen und Unsicherheiten, aber auch \u00fcber Chancen. Sie \u00e4u\u00dferte ihre Besorgnis \u00fcber die Auswirkungen geopolitischer Spannungen und die von der Trump-Regierung in den USA verh\u00e4ngten Z\u00f6lle. Doch anstatt sich auf Pessimismus zu konzentrieren, pr\u00e4sentierte sie eine optimistische und inspirierende Vision, die auf kontinuierlicher Bewegung basiert: Handeln und L\u00f6sungen finden.<\/p>\n<p><img loading=\"lazy\" decoding=\"async\" class=\"aligncenter wp-image-64094 size-large\" src=\"https:\/\/arcusin.isocialdev.com\/wp-content\/uploads\/2025\/03\/Blanca-Cusine-Trobada-Empresarial-Lleida-Digital-3-819x1024.jpg\" alt=\"\" width=\"800\" height=\"1000\" srcset=\"https:\/\/arcusin.isocialdev.com\/wp-content\/uploads\/2025\/03\/Blanca-Cusine-Trobada-Empresarial-Lleida-Digital-3-819x1024.jpg 819w, https:\/\/arcusin.isocialdev.com\/wp-content\/uploads\/2025\/03\/Blanca-Cusine-Trobada-Empresarial-Lleida-Digital-3-scaled-600x750.jpg 600w, https:\/\/arcusin.isocialdev.com\/wp-content\/uploads\/2025\/03\/Blanca-Cusine-Trobada-Empresarial-Lleida-Digital-3-240x300.jpg 240w, https:\/\/arcusin.isocialdev.com\/wp-content\/uploads\/2025\/03\/Blanca-Cusine-Trobada-Empresarial-Lleida-Digital-3-768x960.jpg 768w, https:\/\/arcusin.isocialdev.com\/wp-content\/uploads\/2025\/03\/Blanca-Cusine-Trobada-Empresarial-Lleida-Digital-3-1229x1536.jpg 1229w, https:\/\/arcusin.isocialdev.com\/wp-content\/uploads\/2025\/03\/Blanca-Cusine-Trobada-Empresarial-Lleida-Digital-3-1639x2048.jpg 1639w, https:\/\/arcusin.isocialdev.com\/wp-content\/uploads\/2025\/03\/Blanca-Cusine-Trobada-Empresarial-Lleida-Digital-3-scaled.jpg 2048w\" sizes=\"auto, (max-width: 800px) 100vw, 800px\" \/><\/p>\n<p>&nbsp;<\/p>\n<p>Eines der meistdiskutierten Themen war die Expansion von Arcusin nach Indien, wo unsere Maschinen eine entscheidende Rolle im Kampf gegen die Umweltverschmutzung spielen werden. In einem Land, in dem j\u00e4hrlich Tausende von Menschen aufgrund schlechter Luftqualit\u00e4t sterben, wird unsere Technologie, die \u00fcbersch\u00fcssiges Stroh schnell einsammelt und das Abbrennen verhindert, eine Schl\u00fcsselrolle bei der F\u00f6rderung nachhaltiger Landwirtschaft \u00fcbernehmen.<\/p>\n<p>Was das Publikum jedoch besonders bewegte, war ihre Vision und ihr menschlicher F\u00fchrungsstil. In einer Gesch\u00e4ftswelt, die von Schnelligkeit und Wettbewerb gepr\u00e4gt ist, erinnerte Blanca daran, dass Menschen der wahre Antrieb eines jeden Projekts sind. Sie ber\u00fchrte das Publikum mit ihrer Erz\u00e4hlung \u00fcber die unersch\u00fctterliche Freundschaft zwischen ihrem Vater, Manuel Cusin\u00e9, Mitbegr\u00fcnder und Pr\u00e4sident von Arcusin, und Josep Ramon Pons, der seit zwanzig Jahren als Executive Advisor und Gesch\u00e4ftsf\u00fchrer t\u00e4tig ist. Eine Beziehung, die auf Vertrauen und Loyalit\u00e4t basiert und stets \u00fcber gesch\u00e4ftlichen Herausforderungen stand.<\/p>\n<p><img loading=\"lazy\" decoding=\"async\" class=\"aligncenter wp-image-64091 size-large\" src=\"https:\/\/arcusin.isocialdev.com\/wp-content\/uploads\/2025\/03\/1740751325737-1024x683.jpg\" alt=\"\" width=\"800\" height=\"534\" srcset=\"https:\/\/arcusin.isocialdev.com\/wp-content\/uploads\/2025\/03\/1740751325737-1024x683.jpg 1024w, https:\/\/arcusin.isocialdev.com\/wp-content\/uploads\/2025\/03\/1740751325737-600x400.jpg 600w, https:\/\/arcusin.isocialdev.com\/wp-content\/uploads\/2025\/03\/1740751325737-300x200.jpg 300w, https:\/\/arcusin.isocialdev.com\/wp-content\/uploads\/2025\/03\/1740751325737-768x512.jpg 768w, https:\/\/arcusin.isocialdev.com\/wp-content\/uploads\/2025\/03\/1740751325737-1536x1024.jpg 1536w, https:\/\/arcusin.isocialdev.com\/wp-content\/uploads\/2025\/03\/1740751325737.jpg 2048w\" sizes=\"auto, (max-width: 800px) 100vw, 800px\" \/><\/p>\n<p>Blanca Cusin\u00e9 zeigte sich als weit mehr als eine Unternehmensleiterin. Ihre inspirierende Vision, ihre Energie und ihr Engagement f\u00fcr Innovation und Menschen treiben Arcusin in die Zukunft.<\/p>\n","protected":false},"excerpt":{"rendered":"<p>Seit fast f\u00fcnfzig Jahren zeichnet sich Arcusin durch seine F\u00e4higkeit aus, sich an eine sich st\u00e4ndig ver\u00e4ndernde Welt anzupassen und durch sein unersch\u00fctterliches Engagement f\u00fcr die Landwirtschaft.<\/p>\n","protected":false},"author":156,"featured_media":64103,"comment_status":"closed","ping_status":"closed","sticky":false,"template":"","format":"standard","meta":{"content-type":"","footnotes":""},"categories":[6],"tags":[],"class_list":["post-64102","post","type-post","status-publish","format-standard","has-post-thumbnail","hentry","category-noticias-de"],"_links":{"self":[{"href":"https:\/\/arcusin.isocialdev.com\/de\/wp-json\/wp\/v2\/posts\/64102","targetHints":{"allow":["GET"]}}],"collection":[{"href":"https:\/\/arcusin.isocialdev.com\/de\/wp-json\/wp\/v2\/posts"}],"about":[{"href":"https:\/\/arcusin.isocialdev.com\/de\/wp-json\/wp\/v2\/types\/post"}],"author":[{"embeddable":true,"href":"https:\/\/arcusin.isocialdev.com\/de\/wp-json\/wp\/v2\/users\/156"}],"replies":[{"embeddable":true,"href":"https:\/\/arcusin.isocialdev.com\/de\/wp-json\/wp\/v2\/comments?post=64102"}],"version-history":[{"count":3,"href":"https:\/\/arcusin.isocialdev.com\/de\/wp-json\/wp\/v2\/posts\/64102\/revisions"}],"predecessor-version":[{"id":64133,"href":"https:\/\/arcusin.isocialdev.com\/de\/wp-json\/wp\/v2\/posts\/64102\/revisions\/64133"}],"wp:featuredmedia":[{"embeddable":true,"href":"https:\/\/arcusin.isocialdev.com\/de\/wp-json\/wp\/v2\/media\/64103"}],"wp:attachment":[{"href":"https:\/\/arcusin.isocialdev.com\/de\/wp-json\/wp\/v2\/media?parent=64102"}],"wp:term":[{"taxonomy":"category","embeddable":true,"href":"https:\/\/arcusin.isocialdev.com\/de\/wp-json\/wp\/v2\/categories?post=64102"},{"taxonomy":"post_tag","embeddable":true,"href":"https:\/\/arcusin.isocialdev.com\/de\/wp-json\/wp\/v2\/tags?post=64102"}],"curies":[{"name":"wp","href":"https:\/\/api.w.org\/{rel}","templated":true}]}}