{"id":62159,"date":"2025-02-06T11:59:17","date_gmt":"2025-02-06T10:59:17","guid":{"rendered":"https:\/\/arcusin.isocialdev.com\/?p=62159"},"modified":"2025-02-06T16:33:43","modified_gmt":"2025-02-06T15:33:43","slug":"offices","status":"publish","type":"post","link":"https:\/\/arcusin.isocialdev.com\/de\/offices\/","title":{"rendered":"Eine Entwicklung, die inspiriert und verbindet: Entdecken Sie unsere B\u00fcros"},"content":{"rendered":"<p><strong>Bei Arcusin sehen wir Arbeitsbereiche nicht nur als funktionale R\u00e4ume, sondern als lebendige Umgebungen, die sich mit den Menschen und Werten, die sie ausmachen, weiterentwickeln m\u00fcssen.<\/strong><\/p>\n<p>Mit dieser Philosophie haben wir ein ehrgeiziges Projekt gestartet, um unsere Einrichtungen in Vila-sana, Katalonien, schrittweise in inspirierendere, effizientere und unserem industriellen Kern entsprechende R\u00e4ume zu verwandeln.<\/p>\n<p>Ein H\u00f6hepunkt dieses Prozesses war die Integration eines Teils der B\u00fcros in den Werkstattbereich \u2013 ein strategischer Schritt, um Barrieren zwischen Abteilungen abzubauen. Diese Ver\u00e4nderung verbessert nicht nur die Kommunikation zwischen technischen und administrativen Teams, sondern f\u00f6rdert auch eine st\u00e4rkere Zusammenarbeit und Dynamik im Arbeitsalltag.<\/p>\n<p><img loading=\"lazy\" decoding=\"async\" class=\"aligncenter wp-image-62474 size-full\" src=\"https:\/\/arcusin.isocialdev.com\/wp-content\/uploads\/2025\/02\/202502_Arcusin-nuevas-oficinas-produccion-4-4.jpg\" alt=\"\" width=\"1920\" height=\"566\" srcset=\"https:\/\/arcusin.isocialdev.com\/wp-content\/uploads\/2025\/02\/202502_Arcusin-nuevas-oficinas-produccion-4-4.jpg 1920w, https:\/\/arcusin.isocialdev.com\/wp-content\/uploads\/2025\/02\/202502_Arcusin-nuevas-oficinas-produccion-4-4-600x177.jpg 600w, https:\/\/arcusin.isocialdev.com\/wp-content\/uploads\/2025\/02\/202502_Arcusin-nuevas-oficinas-produccion-4-4-300x88.jpg 300w, https:\/\/arcusin.isocialdev.com\/wp-content\/uploads\/2025\/02\/202502_Arcusin-nuevas-oficinas-produccion-4-4-1024x302.jpg 1024w, https:\/\/arcusin.isocialdev.com\/wp-content\/uploads\/2025\/02\/202502_Arcusin-nuevas-oficinas-produccion-4-4-768x226.jpg 768w, https:\/\/arcusin.isocialdev.com\/wp-content\/uploads\/2025\/02\/202502_Arcusin-nuevas-oficinas-produccion-4-4-1536x453.jpg 1536w\" sizes=\"auto, (max-width: 1920px) 100vw, 1920px\" \/><\/p>\n<p><strong>Funktionalit\u00e4t, Wohlbefinden, Identit\u00e4t<\/strong><\/p>\n<p>Das Ziel dieser Transformation war es, die perfekte Balance zwischen Funktionalit\u00e4t und W\u00e4rme zu finden. In Zusammenarbeit mit der Innenarchitektin Susanna Cots haben wir R\u00e4ume geschaffen, die nat\u00fcrliches Licht, warme Materialien und eine effiziente Anordnung priorisieren, um Teamarbeit zu f\u00f6rdern.<\/p>\n<p>\u201eDie Idee war es, Barrieren zwischen den Bereichen abzubauen und einen Raum zu schaffen, der Funktionalit\u00e4t atmet, aber auch die Menschen motiviert, die in ihm arbeiten, und dabei immer den technischen Charakter des Ortes beibeh\u00e4lt\u201c, erkl\u00e4rt Susanna Cots.<\/p>\n<p>Wir haben nicht nur praktischere R\u00e4ume geschaffen, sondern auch sichergestellt, dass sie unsere Identit\u00e4t widerspiegeln. Von den Oberfl\u00e4chen bis zu den kleinen Details wurde jede Designentscheidung so getroffen, dass sie unsere industrielle DNA ehrt und gleichzeitig eine warme Atmosph\u00e4re schafft, die das Team von Arcusin inspiriert.<\/p>\n<div id='gallery-1' class='gallery galleryid-62159 gallery-columns-2 gallery-size-large'><figure class='gallery-item'>\n\t\t\t<div class='gallery-icon landscape'>\n\t\t\t\t<a href='https:\/\/arcusin.isocialdev.com\/de\/offices\/202502_arcusin-nuevas-oficinas-produccion-2\/'><img loading=\"lazy\" decoding=\"async\" width=\"800\" height=\"450\" src=\"https:\/\/arcusin.isocialdev.com\/wp-content\/uploads\/2025\/02\/202502_Arcusin-nuevas-oficinas-produccion-2-4-1024x576.jpg\" class=\"attachment-large size-large\" alt=\"\" srcset=\"https:\/\/arcusin.isocialdev.com\/wp-content\/uploads\/2025\/02\/202502_Arcusin-nuevas-oficinas-produccion-2-4-1024x576.jpg 1024w, https:\/\/arcusin.isocialdev.com\/wp-content\/uploads\/2025\/02\/202502_Arcusin-nuevas-oficinas-produccion-2-4-600x338.jpg 600w, https:\/\/arcusin.isocialdev.com\/wp-content\/uploads\/2025\/02\/202502_Arcusin-nuevas-oficinas-produccion-2-4-300x169.jpg 300w, https:\/\/arcusin.isocialdev.com\/wp-content\/uploads\/2025\/02\/202502_Arcusin-nuevas-oficinas-produccion-2-4-768x432.jpg 768w, https:\/\/arcusin.isocialdev.com\/wp-content\/uploads\/2025\/02\/202502_Arcusin-nuevas-oficinas-produccion-2-4-1536x864.jpg 1536w, https:\/\/arcusin.isocialdev.com\/wp-content\/uploads\/2025\/02\/202502_Arcusin-nuevas-oficinas-produccion-2-4.jpg 1920w\" sizes=\"auto, (max-width: 800px) 100vw, 800px\" \/><\/a>\n\t\t\t<\/div><\/figure><figure class='gallery-item'>\n\t\t\t<div class='gallery-icon landscape'>\n\t\t\t\t<a href='https:\/\/arcusin.isocialdev.com\/de\/offices\/202502_arcusin-nuevas-oficinas-produccion-5\/'><img loading=\"lazy\" decoding=\"async\" width=\"800\" height=\"450\" src=\"https:\/\/arcusin.isocialdev.com\/wp-content\/uploads\/2025\/02\/202502_Arcusin-nuevas-oficinas-produccion-5-4-1024x576.jpg\" class=\"attachment-large size-large\" alt=\"\" srcset=\"https:\/\/arcusin.isocialdev.com\/wp-content\/uploads\/2025\/02\/202502_Arcusin-nuevas-oficinas-produccion-5-4-1024x576.jpg 1024w, https:\/\/arcusin.isocialdev.com\/wp-content\/uploads\/2025\/02\/202502_Arcusin-nuevas-oficinas-produccion-5-4-600x338.jpg 600w, https:\/\/arcusin.isocialdev.com\/wp-content\/uploads\/2025\/02\/202502_Arcusin-nuevas-oficinas-produccion-5-4-300x169.jpg 300w, https:\/\/arcusin.isocialdev.com\/wp-content\/uploads\/2025\/02\/202502_Arcusin-nuevas-oficinas-produccion-5-4-768x432.jpg 768w, https:\/\/arcusin.isocialdev.com\/wp-content\/uploads\/2025\/02\/202502_Arcusin-nuevas-oficinas-produccion-5-4-1536x864.jpg 1536w, https:\/\/arcusin.isocialdev.com\/wp-content\/uploads\/2025\/02\/202502_Arcusin-nuevas-oficinas-produccion-5-4.jpg 1920w\" sizes=\"auto, (max-width: 800px) 100vw, 800px\" \/><\/a>\n\t\t\t<\/div><\/figure>\n\t\t<\/div>\n\n<p><strong>Ein Engagement f\u00fcr die Zukunft<\/strong><\/p>\n<p>Die Transformation unserer Einrichtungen ist nicht nur eine Frage der \u00c4sthetik oder Funktionalit\u00e4t, sondern spiegelt unser Engagement gegen\u00fcber unserem Team und unsere Mission wider, den Landwirten zur Seite zu stehen. Dieses Projekt, das sich in den kommenden Jahren weiterentwickeln wird, ist Teil unserer Vision, Umgebungen zu schaffen, die Menschen mit ihrer Arbeit verbinden, ihr Zugeh\u00f6rigkeitsgef\u00fchl st\u00e4rken und eine Kultur der Innovation und N\u00e4he f\u00f6rdern.<\/p>\n<p><img loading=\"lazy\" decoding=\"async\" class=\"aligncenter wp-image-62471 size-full\" src=\"https:\/\/arcusin.isocialdev.com\/wp-content\/uploads\/2025\/02\/202502_Arcusin-nuevas-oficinas-produccion-1-3.jpg\" alt=\"\" width=\"1920\" height=\"1281\" srcset=\"https:\/\/arcusin.isocialdev.com\/wp-content\/uploads\/2025\/02\/202502_Arcusin-nuevas-oficinas-produccion-1-3.jpg 1920w, https:\/\/arcusin.isocialdev.com\/wp-content\/uploads\/2025\/02\/202502_Arcusin-nuevas-oficinas-produccion-1-3-600x400.jpg 600w, https:\/\/arcusin.isocialdev.com\/wp-content\/uploads\/2025\/02\/202502_Arcusin-nuevas-oficinas-produccion-1-3-300x200.jpg 300w, https:\/\/arcusin.isocialdev.com\/wp-content\/uploads\/2025\/02\/202502_Arcusin-nuevas-oficinas-produccion-1-3-1024x683.jpg 1024w, https:\/\/arcusin.isocialdev.com\/wp-content\/uploads\/2025\/02\/202502_Arcusin-nuevas-oficinas-produccion-1-3-768x512.jpg 768w, https:\/\/arcusin.isocialdev.com\/wp-content\/uploads\/2025\/02\/202502_Arcusin-nuevas-oficinas-produccion-1-3-1536x1025.jpg 1536w\" sizes=\"auto, (max-width: 1920px) 100vw, 1920px\" \/><\/p>\n<p>Bei Arcusin wollen wir, dass unsere Einrichtungen mehr sind als nur Arbeitspl\u00e4tze: Sie sollen widerspiegeln, wer wir sind und wie wir wachsen m\u00f6chten. Ein \u201eGreat Place to Work\u201c zu sein, ist nicht nur eine Anerkennung, sondern ein Ziel, das wir t\u00e4glich durch jede kleine Verbesserung, jeden optimierten Raum und jede neue Idee, die unser Team inspiriert, erreichen.<\/p>\n","protected":false},"excerpt":{"rendered":"<p>Arcusin hat mit der Renovierung seiner Zentrale begonnen, um Arbeitsbereiche zu schaffen, die Zusammenarbeit und Innovation f\u00f6rdern.<\/p>\n","protected":false},"author":156,"featured_media":62410,"comment_status":"open","ping_status":"open","sticky":false,"template":"","format":"standard","meta":{"content-type":"","footnotes":""},"categories":[6],"tags":[],"class_list":["post-62159","post","type-post","status-publish","format-standard","has-post-thumbnail","hentry","category-noticias-de"],"_links":{"self":[{"href":"https:\/\/arcusin.isocialdev.com\/de\/wp-json\/wp\/v2\/posts\/62159","targetHints":{"allow":["GET"]}}],"collection":[{"href":"https:\/\/arcusin.isocialdev.com\/de\/wp-json\/wp\/v2\/posts"}],"about":[{"href":"https:\/\/arcusin.isocialdev.com\/de\/wp-json\/wp\/v2\/types\/post"}],"author":[{"embeddable":true,"href":"https:\/\/arcusin.isocialdev.com\/de\/wp-json\/wp\/v2\/users\/156"}],"replies":[{"embeddable":true,"href":"https:\/\/arcusin.isocialdev.com\/de\/wp-json\/wp\/v2\/comments?post=62159"}],"version-history":[{"count":4,"href":"https:\/\/arcusin.isocialdev.com\/de\/wp-json\/wp\/v2\/posts\/62159\/revisions"}],"predecessor-version":[{"id":62489,"href":"https:\/\/arcusin.isocialdev.com\/de\/wp-json\/wp\/v2\/posts\/62159\/revisions\/62489"}],"wp:featuredmedia":[{"embeddable":true,"href":"https:\/\/arcusin.isocialdev.com\/de\/wp-json\/wp\/v2\/media\/62410"}],"wp:attachment":[{"href":"https:\/\/arcusin.isocialdev.com\/de\/wp-json\/wp\/v2\/media?parent=62159"}],"wp:term":[{"taxonomy":"category","embeddable":true,"href":"https:\/\/arcusin.isocialdev.com\/de\/wp-json\/wp\/v2\/categories?post=62159"},{"taxonomy":"post_tag","embeddable":true,"href":"https:\/\/arcusin.isocialdev.com\/de\/wp-json\/wp\/v2\/tags?post=62159"}],"curies":[{"name":"wp","href":"https:\/\/api.w.org\/{rel}","templated":true}]}}