{"id":54991,"date":"2024-07-08T11:30:50","date_gmt":"2024-07-08T11:30:50","guid":{"rendered":"https:\/\/arcusin.isocialdev.com\/?p=54991"},"modified":"2024-07-09T13:51:48","modified_gmt":"2024-07-09T13:51:48","slug":"arcusin-realisiert-generationenwechsel-in-der-fuehrung","status":"publish","type":"post","link":"https:\/\/arcusin.isocialdev.com\/de\/arcusin-realisiert-generationenwechsel-in-der-fuehrung\/","title":{"rendered":"Arcusin realisiert generationenwechsel in der f\u00fchrung"},"content":{"rendered":"<p><strong>Blanca Cusin\u00e9 wurde zur CEO von Arcusin ernannt und ersetzt damit Josep Ramon Pons, der das Unternehmen in den letzten 20 Jahren geleitet hat. An ihrer Seite \u00fcbernimmt Ferran Cusin\u00e9 die Leitung der Abteilung f\u00fcr Ingenieurwesen und F&amp;E.<\/strong><\/p>\n<p>Blanca, 34, mit einem Abschluss in Industrietechnik, war eine Schl\u00fcsselfigur in der internationalen Expansion von Arcusin, das jetzt in \u00fcber 60 L\u00e4ndern pr\u00e4sent ist und eine Tochtergesellschaft in den Vereinigten Staaten hat. Ferran, 31, hat eine solide Ausbildung in Betriebswirtschaft und Management sowie in Maschinenbau und wird sich darauf konzentrieren, fortschrittliche Technologien zu integrieren, um die Effizienz und Produktivit\u00e4t der landwirtschaftlichen Maschinen von Arcusin zu verbessern.<\/p>\n<p>Manuel Cusin\u00e9, Mitbegr\u00fcnder und Pr\u00e4sident von Arcusin, formalisierte den Generationenwechsel und betonte die F\u00e4higkeit und Vision der neuen Generation, das Unternehmen in neue H\u00f6hen zu f\u00fchren. Er betont, dass internationale Expansion und Diversifikation in dieser neuen Phase entscheidend sein werden, mit einem Fokus auf aufstrebende M\u00e4rkte und neue Produkte.<\/p>\n<p>Blanca betont die Bedeutung der Aufrechterhaltung menschlicher Werte und der Qualit\u00e4t des Teams und erkl\u00e4rt: &#8222;Wir m\u00fcssen weiterhin Pioniere im Bereich der Hersteller von spezialisierten landwirtschaftlichen Maschinen mit patentierten Produkten sein, die die Effizienz und Produktivit\u00e4t der Maschinen verbessern. All dies, ohne die menschlichen Werte zu verlieren, die sowohl unser Vater als auch unser Gro\u00dfvater seit der Gr\u00fcndung von Arcusin vermittelt haben: ein Team aus guten Menschen mit viel Talent zu haben.&#8220; Ferran seinerseits betont, dass die Hauptaufgabe im Ingenieurwesen darin besteht, fortschrittliche Technologien zu integrieren, um die Herausforderungen des Agrarsektors zu meistern, die Effizienz der Maschinen zu verbessern und auf den zunehmenden Mangel an qualifizierten Arbeitskr\u00e4ften zu reagieren.<\/p>\n<figure id=\"attachment_54992\" aria-describedby=\"caption-attachment-54992\" style=\"width: 768px\" class=\"wp-caption aligncenter\"><img loading=\"lazy\" decoding=\"async\" class=\"wp-image-54992 size-large\" src=\"https:\/\/arcusin.isocialdev.com\/wp-content\/uploads\/2024\/07\/Arcusins-transition-4-768x1024.jpg\" alt=\"Blanca Cusin\u00e9, neue CEO von Arcusin\" width=\"768\" height=\"1024\" srcset=\"https:\/\/arcusin.isocialdev.com\/wp-content\/uploads\/2024\/07\/Arcusins-transition-4-768x1024.jpg 768w, https:\/\/arcusin.isocialdev.com\/wp-content\/uploads\/2024\/07\/Arcusins-transition-4-scaled-600x800.jpg 600w, https:\/\/arcusin.isocialdev.com\/wp-content\/uploads\/2024\/07\/Arcusins-transition-4-225x300.jpg 225w, https:\/\/arcusin.isocialdev.com\/wp-content\/uploads\/2024\/07\/Arcusins-transition-4-1152x1536.jpg 1152w, https:\/\/arcusin.isocialdev.com\/wp-content\/uploads\/2024\/07\/Arcusins-transition-4-1536x2048.jpg 1536w, https:\/\/arcusin.isocialdev.com\/wp-content\/uploads\/2024\/07\/Arcusins-transition-4-scaled.jpg 1920w\" sizes=\"auto, (max-width: 768px) 100vw, 768px\" \/><figcaption id=\"caption-attachment-54992\" class=\"wp-caption-text\"><em>Von links nach rechts: Manuel Cusin\u00e9, Ferran Cusin\u00e9, Blanca Cusin\u00e9 und Josep Ramon Pons, am Hauptsitz von Arcusin.<\/em><\/figcaption><\/figure>\n<p>Josep Ramon Pons wird im Unternehmen bleiben und auch als Mitglied des Beirats erhalten bleiben und mit seiner umfangreichen Erfahrung zum strategischen Plan von Arcusin beitragen. Das Unternehmen, das 1976 von Armando und Manuel Cusin\u00e9 gegr\u00fcndet wurde, widmet sich der Entwicklung, Herstellung und dem Verkauf von spezialisierten landwirtschaftlichen Maschinen. Seine Mission ist es, die Arbeit der Landwirte weltweit zu erleichtern, indem es effiziente und kosteng\u00fcnstige L\u00f6sungen bietet. Mit einem soliden Vertriebsnetz und einem Engagement f\u00fcr Innovation bleibt Arcusin f\u00fchrend im Bereich der spezialisierten landwirtschaftlichen Maschinen f\u00fcr die Ballenhandhabung.<\/p>\n","protected":false},"excerpt":{"rendered":"<p>Blanca Cusin\u00e9, neue CEO von Arcusin; Ferran Cusin\u00e9, Direktor f\u00fcr Ingenieurwesen und F&#038;E<\/p>\n","protected":false},"author":156,"featured_media":54992,"comment_status":"open","ping_status":"open","sticky":false,"template":"","format":"standard","meta":{"content-type":"","footnotes":""},"categories":[6],"tags":[],"class_list":["post-54991","post","type-post","status-publish","format-standard","has-post-thumbnail","hentry","category-noticias-de"],"_links":{"self":[{"href":"https:\/\/arcusin.isocialdev.com\/de\/wp-json\/wp\/v2\/posts\/54991","targetHints":{"allow":["GET"]}}],"collection":[{"href":"https:\/\/arcusin.isocialdev.com\/de\/wp-json\/wp\/v2\/posts"}],"about":[{"href":"https:\/\/arcusin.isocialdev.com\/de\/wp-json\/wp\/v2\/types\/post"}],"author":[{"embeddable":true,"href":"https:\/\/arcusin.isocialdev.com\/de\/wp-json\/wp\/v2\/users\/156"}],"replies":[{"embeddable":true,"href":"https:\/\/arcusin.isocialdev.com\/de\/wp-json\/wp\/v2\/comments?post=54991"}],"version-history":[{"count":3,"href":"https:\/\/arcusin.isocialdev.com\/de\/wp-json\/wp\/v2\/posts\/54991\/revisions"}],"predecessor-version":[{"id":55075,"href":"https:\/\/arcusin.isocialdev.com\/de\/wp-json\/wp\/v2\/posts\/54991\/revisions\/55075"}],"wp:featuredmedia":[{"embeddable":true,"href":"https:\/\/arcusin.isocialdev.com\/de\/wp-json\/wp\/v2\/media\/54992"}],"wp:attachment":[{"href":"https:\/\/arcusin.isocialdev.com\/de\/wp-json\/wp\/v2\/media?parent=54991"}],"wp:term":[{"taxonomy":"category","embeddable":true,"href":"https:\/\/arcusin.isocialdev.com\/de\/wp-json\/wp\/v2\/categories?post=54991"},{"taxonomy":"post_tag","embeddable":true,"href":"https:\/\/arcusin.isocialdev.com\/de\/wp-json\/wp\/v2\/tags?post=54991"}],"curies":[{"name":"wp","href":"https:\/\/api.w.org\/{rel}","templated":true}]}}