{"id":52146,"date":"2024-03-07T15:31:35","date_gmt":"2024-03-07T15:31:35","guid":{"rendered":"https:\/\/arcusin.isocialdev.com\/arcusin-celebrates-its-return-to-fima-2024\/"},"modified":"2024-07-24T12:38:33","modified_gmt":"2024-07-24T12:38:33","slug":"arcusin-celebrates-its-return-to-fima-2024","status":"publish","type":"post","link":"https:\/\/arcusin.isocialdev.com\/de\/arcusin-celebrates-its-return-to-fima-2024\/","title":{"rendered":"Arcusin feiert seine R\u00fcckkehr zur FIMA 2024"},"content":{"rendered":"<div>Arcusin hatte das Vergn\u00fcgen, im Februar dieses Jahres an der 43. Ausgabe der\u00a0<b>FIMA<\/b>\u00a0in Zaragoza teilzunehmen,\u00a0<b>der wichtigsten Messe f\u00fcr den Agrarbereich in Spanien<\/b>. Nachdem wir bei der Ausgabe 2022 aufgrund der durch die COVID-19-Pandemie verursachten Unsicherheiten und Einschr\u00e4nkungen nicht anwesend waren, haben wir uns gefreut, dieses Jahr zur\u00fcckzukehren und unsere Kollegen, Kunden und Freunde aus der Agrarindustrie wieder zu treffen.<\/div>\n<div><\/div>\n<div>Die FIMA 2024 pr\u00e4sentierte sich in einer ganz besonderen Atmosph\u00e4re, die durch einige au\u00dfergew\u00f6hnliche Umst\u00e4nde wie Streiks in der Landwirtschaft, die Abwesenheit einiger Traktorenhersteller und die Feierlichkeiten zum 60-j\u00e4hrigen Bestehen der Messe gepr\u00e4gt war.<\/div>\n<div><\/div>\n<div>\n<p>Die Veranstaltung begann zun\u00e4chst ruhig, nahm aber mit der Ankunft der nationalen und internationalen Besucher schnell an Intensit\u00e4t zu. Obwohl die Abwesenheit unserer s\u00fcdlichen Freunde aus Andalusien, Extremadura und den Castillas offensichtlich war, lie\u00df die Energie nicht nach!<\/p>\n<p>Unser Stand empfing nicht nur Besucher und Kunden, sondern auch\u00a0<b>Influencer aus der Welt der Landwirtschaft<\/b>, insbesondere\u00a0<b>Pilar<\/b>, <b>Guillem<\/b>\u00a0und\u00a0<b>Alejandro<\/b>, mit denen wir seit unserer ersten Begegnung auf der Demoagro eine gute Beziehung pflegen.\u00a0<b>Die Gespr\u00e4che waren lebhaft, die Ideen sprudelten nur so, und die Leidenschaft f\u00fcr die Landwirtschaft war in der Luft zu sp\u00fcren<\/b>.<\/p>\n<\/div>\n<p><img loading=\"lazy\" decoding=\"async\" class=\"aligncenter size-full wp-image-52130\" src=\"https:\/\/arcusin.isocialdev.com\/wp-content\/uploads\/2024\/03\/Arcusin-Influencers-en-Fima-2024-AutoStack.jpg\" alt=\"Arcusin con la compa\u00f1\u00eda de influencers\" width=\"1399\" height=\"931\" srcset=\"https:\/\/arcusin.isocialdev.com\/wp-content\/uploads\/2024\/03\/Arcusin-Influencers-en-Fima-2024-AutoStack.jpg 1399w, https:\/\/arcusin.isocialdev.com\/wp-content\/uploads\/2024\/03\/Arcusin-Influencers-en-Fima-2024-AutoStack-600x399.jpg 600w, https:\/\/arcusin.isocialdev.com\/wp-content\/uploads\/2024\/03\/Arcusin-Influencers-en-Fima-2024-AutoStack-300x200.jpg 300w, https:\/\/arcusin.isocialdev.com\/wp-content\/uploads\/2024\/03\/Arcusin-Influencers-en-Fima-2024-AutoStack-1024x681.jpg 1024w, https:\/\/arcusin.isocialdev.com\/wp-content\/uploads\/2024\/03\/Arcusin-Influencers-en-Fima-2024-AutoStack-768x511.jpg 768w\" sizes=\"auto, (max-width: 1399px) 100vw, 1399px\" \/><\/p>\n<p>&nbsp;<\/p>\n<p>Das\u00a0<b>Interview \u00fcber die AutoPick-Nuss- und Olivenerntemaschine mit Pilar<\/b>\u00a0war ein besonders interessanter Moment. Da Pilar direkte Erfahrungen mit dem Produkt hat, da sie unser GTi-Modell in diesem Jahr f\u00fcr ihre Pistazienernte verwendet hat,\u00a0<b>haben wir die Gelegenheit genutzt, um eine Networking-Fragerunde zu organisieren<\/b>. Es war eine zwanglose, aber wichtige Gelegenheit f\u00fcr die Teilnehmer, ihre Zweifel zu kl\u00e4ren und sich mit den Vorteilen und Eigenschaften unserer Technologie vertraut zu machen.<\/p>\n<p><img loading=\"lazy\" decoding=\"async\" class=\"aligncenter size-full wp-image-52132\" src=\"https:\/\/arcusin.isocialdev.com\/wp-content\/uploads\/2024\/03\/Arcusin-AgriPilar-en-Fima-2024.jpg\" alt=\"\" width=\"1395\" height=\"706\" srcset=\"https:\/\/arcusin.isocialdev.com\/wp-content\/uploads\/2024\/03\/Arcusin-AgriPilar-en-Fima-2024.jpg 1395w, https:\/\/arcusin.isocialdev.com\/wp-content\/uploads\/2024\/03\/Arcusin-AgriPilar-en-Fima-2024-600x304.jpg 600w, https:\/\/arcusin.isocialdev.com\/wp-content\/uploads\/2024\/03\/Arcusin-AgriPilar-en-Fima-2024-300x152.jpg 300w, https:\/\/arcusin.isocialdev.com\/wp-content\/uploads\/2024\/03\/Arcusin-AgriPilar-en-Fima-2024-1024x518.jpg 1024w, https:\/\/arcusin.isocialdev.com\/wp-content\/uploads\/2024\/03\/Arcusin-AgriPilar-en-Fima-2024-768x389.jpg 768w\" sizes=\"auto, (max-width: 1395px) 100vw, 1395px\" \/><\/p>\n<p>&nbsp;<\/p>\n<div><b>W\u00e4hrend der Veranstaltung erhielten wir, ohne es zu erwarten, die Auszeichnung f\u00fcr das beste Standdesign<\/b>, eine Anerkennung, die wir als Best\u00e4tigung f\u00fcr die M\u00fche und Kreativit\u00e4t, die wir in unseren Stand gesteckt haben, zu sch\u00e4tzen wissen.<\/div>\n<div class=\"x_elementToProof\">\n<p>Wie immer haben wir die Gelegenheit genutzt, alle unsere Produkte auszustellen: den\u00a0<a href=\"https:\/\/arcusin.isocialdev.com\/de\/produkte\/autostack-fsx\/\"><b>Ballensammler <strong>AutoStack<\/strong><\/b><\/a>, unseren\u00a0<a href=\"https:\/\/arcusin.isocialdev.com\/de\/produkte\/multipack\/\"><b>Ballenb\u00fcndler <strong>Multipack<\/strong><\/b><\/a>\u00a0und den\u00a0<a href=\"https:\/\/arcusin.isocialdev.com\/de\/produkte\/forstack-de\/\"><b>Ballenstapler <strong>Forstack<\/strong><\/b><\/a>, um nur einige zu nennen. Diese umfassende Ausstellung erm\u00f6glicht es uns, unsere neuesten Innovationen im Bereich der Landtechnik zu pr\u00e4sentieren und unser starkes Engagement f\u00fcr die Entwicklung des Sektors zu bekr\u00e4ftigen.<\/p>\n<p><img loading=\"lazy\" decoding=\"async\" class=\"aligncenter size-full wp-image-52134\" src=\"https:\/\/arcusin.isocialdev.com\/wp-content\/uploads\/2024\/03\/Arcusin-en-Fima-2024-bale-handling-solutions.jpg\" alt=\"Estand de Arcusin en FIMA 2024\" width=\"1395\" height=\"762\" srcset=\"https:\/\/arcusin.isocialdev.com\/wp-content\/uploads\/2024\/03\/Arcusin-en-Fima-2024-bale-handling-solutions.jpg 1395w, https:\/\/arcusin.isocialdev.com\/wp-content\/uploads\/2024\/03\/Arcusin-en-Fima-2024-bale-handling-solutions-600x328.jpg 600w, https:\/\/arcusin.isocialdev.com\/wp-content\/uploads\/2024\/03\/Arcusin-en-Fima-2024-bale-handling-solutions-300x164.jpg 300w, https:\/\/arcusin.isocialdev.com\/wp-content\/uploads\/2024\/03\/Arcusin-en-Fima-2024-bale-handling-solutions-1024x559.jpg 1024w, https:\/\/arcusin.isocialdev.com\/wp-content\/uploads\/2024\/03\/Arcusin-en-Fima-2024-bale-handling-solutions-768x420.jpg 768w\" sizes=\"auto, (max-width: 1395px) 100vw, 1395px\" \/><\/p>\n<\/div>\n<p>&nbsp;<\/p>\n<p>Dar\u00fcber hinaus war unsere Teilnahme an der\u00a0<b>FIMA 2024<\/b>\u00a0mehr als nur eine einfache Produktpr\u00e4sentation;\u00a0<b>sie war eine Reise der Entdeckung, des Austauschs und der Verbindung mit der landwirtschaftlichen Gemeinschaft<\/b>. Und wir freuen uns darauf, diese Beziehungen weiter zu pflegen, um gemeinsam in eine vielversprechende Zukunft zu gehen.<\/p>\n<h2>FIMA Messe 2020<\/h2>\n<p>Mehrere Monate und bisweilen fast ein Jahr im Voraus h\u00f6ren wir sehr oft \u201ebis zur FIMA\u201c, \u201esprechen wir auf der FIMA dar\u00fcber\u201c, \u201eschauen wir mal auf der FIMA &#8230;\u201c. Und schlie\u00dflich war es wieder soweit. In all ihrer Pracht und mit funkelnagelneuen Maschinen prall gef\u00fcllt hie\u00df uns die <strong>FIMA 2020<\/strong> am Dienstag, den 25. Februar in ihren Hallen willkommen.<\/p>\n<p><strong>ARCUSIN<\/strong> vergr\u00f6\u00dferte ihren Stand, belegte beide Seiten des Seitengangs der Halle 6 und fuhr ihren gesamten Maschinenpark auf: <strong>Auto<span style=\"color: #ff0000;\">Stack<\/span> FSX<\/strong> und <strong>XP<\/strong>, <strong>Multi<span style=\"color: #ff0000;\">Pack<\/span> D14<\/strong>, <strong>For<span style=\"color: #ff0000;\">Stack<\/span><\/strong>, <strong>Line<span style=\"color: #ff0000;\">Pack<\/span><\/strong>, <strong>Auto<span style=\"color: #ff0000;\">Pick<\/span> MT<\/strong> und<strong> GTI<\/strong> und den <strong>HUSTLER Ballenabwickler<\/strong>.<\/p>\n<p>Wie schon in den Vorjahren wurde unsere Maschine <strong>Auto<span style=\"color: #ff0000;\">Stac<\/span>k<\/strong>, die dieses Jahr au\u00dferdem mit der neuen Aufnahmevorrichtung <strong>FAST TRACTION PICK-UP<\/strong> aufwartete, am h\u00f6chsten gelobt. Dieser neuen Vorrichtung wurde im \u00dcbrigen im Kongresszentrum von Saragossa der Preis f\u00fcr technologische Innovation der FIMA 2020 verliehen. Dieser Preis, den wir bei <strong>ARCUSIN<\/strong> nicht zum ersten Mal erhalten, ist wie immer eine gro\u00dfartige Anerkennung f\u00fcr die Arbeit unserer Ingenieure, Techniker und weiteren Mitarbeiter.<\/p>\n<p><strong style=\"color: #ff0000;\">FAST TRACTION<\/strong>\u00a0<strong>ist eine neue weiterentwickelte Ballenaufnahmevorrichtung, die beim Test mit schwerem Sammelgut wie Gr\u00fcnfutter- und Grasballen ein ausgezeichnetes Aufnahmeergebnis erzielte. Durch Anheben des Ballens wird verhindert, dass er am Boden schleif<\/strong>t. So bleibt die Formstabilit\u00e4t des Ballens erhalten (insbesondere bei gepackten Ballen und Gras), und die \u00d6ffnung kann die Ballen schneller und in gr\u00f6\u00dferer H\u00f6he aufnehmen.<\/p>\n<p>Besondere Beachtung fand ebenfalls der neue Ballenpacker f\u00fcr Kleinballen <strong>Multi<span style=\"color: #ff0000;\">Pack<\/span> D14<\/strong> <strong>mit seiner Aufnahme\u00f6ffnung in Fahrtrichtung rechts<\/strong>. Eine revolution\u00e4re Neuheit, die haupts\u00e4chlich dank der Arbeit der Preistr\u00e4ger der diesj\u00e4hrigen FIMA und der Beharrlichkeit unserer besten Berater \u2013 unserer Kunden \u2013 erzielt wurde!<\/p>\n<p>Als Abschluss dieser Zusammenfassung der FIMA 2020 sollen auch der gro\u00dfe Besucherzulauf und das gro\u00dfe allgemeine Interesse an unserer Branche erw\u00e4hnt werden, einer Branche, die trotz gro\u00dfer Schwierigkeiten weiter w\u00e4chst und fortschreitet. Eben aus diesem Grund ist diese Messe ein ausgezeichneter Treffpunkt der Agrarwelt und sicherlich der wichtigste in S\u00fcdeuropa.<\/p>\n<h2>Fima Messe 2018<\/h2>\n<p><span style=\"font-weight: 400;\">Die Veranstaltung mit den meisten Auswirkungen auf den spanischen Agrarsektor ist beendet:<\/span><b> Fima 2018<\/b><span style=\"font-weight: 400;\">. Alle wichtigen Hersteller von Landmaschinen treffen sich alle zwei Jahre, um Farbe in diese gro\u00dfartige Show zu bringen. Aussteller k\u00e4mpfen, um die besten Fortschritte in der Technologie angewandter landwirtschaftlicher Ausr\u00fcstung zu zeigen, mit einem gemeinsamen Ziel: <\/span><b>Kosten reduzieren und Komfort gewinnen<\/b><span style=\"font-weight: 400;\">.<\/span><\/p>\n<p><span style=\"font-weight: 400;\">Unter allen Herstellern \u00fcberrascht <\/span><b>Arcusin<\/b><span style=\"font-weight: 400;\"> mit einer langen Familientradition erneut und gibt dem Ausdruck &#8222;<\/span><b>Ein Herz, das auf der ganzen Welt schl\u00e4gt<\/b><span style=\"font-weight: 400;\">&#8220; eine Bedeutung.<\/span><\/p>\n<p><span style=\"font-weight: 400;\">Bei diesem Wettbewerb hat <\/span><b>Arcusin<\/b><span style=\"font-weight: 400;\"> mit dem <\/span><b>neuen Design des Ballenpackers Multipack C14<\/b><span style=\"font-weight: 400;\"> und der beeindruckenden <\/span><b>Multifunktions-Ballenriegel &#8222;Linepack&#8220;<\/b><span style=\"font-weight: 400;\"> \u00fcberrascht, die auf der <\/span><b>Fima 2018<\/b><span style=\"font-weight: 400;\"> zum ersten Mal pr\u00e4sentiert wurde und viel Aufmerksamkeit beim Publikum erregte.<\/span><\/p>\n","protected":false},"excerpt":{"rendered":"<p>Unser Stand empfing nicht nur Besucher und Kunden, sondern auch\u00a0Influencer aus der Welt der Landwirtschaft, insbesondere\u00a0Pilar\u00a0(@AgriPilar), Guillem (@AgroGomez) und\u00a0Alejandro (@e_Corral), mit denen wir seit unserer ersten Begegnung auf der Demoagro eine gute Beziehung pflegen.\u00a0Die Gespr\u00e4che waren lebhaft, die Ideen sprudelten nur so, und die Leidenschaft f\u00fcr die Landwirtschaft war in der Luft zu sp\u00fcren.<\/p>\n","protected":false},"author":8,"featured_media":52147,"comment_status":"open","ping_status":"open","sticky":false,"template":"","format":"standard","meta":{"content-type":"","footnotes":""},"categories":[6,390],"tags":[],"class_list":["post-52146","post","type-post","status-publish","format-standard","has-post-thumbnail","hentry","category-noticias-de","category-ausstellungen-und-veranstaltungen"],"_links":{"self":[{"href":"https:\/\/arcusin.isocialdev.com\/de\/wp-json\/wp\/v2\/posts\/52146","targetHints":{"allow":["GET"]}}],"collection":[{"href":"https:\/\/arcusin.isocialdev.com\/de\/wp-json\/wp\/v2\/posts"}],"about":[{"href":"https:\/\/arcusin.isocialdev.com\/de\/wp-json\/wp\/v2\/types\/post"}],"author":[{"embeddable":true,"href":"https:\/\/arcusin.isocialdev.com\/de\/wp-json\/wp\/v2\/users\/8"}],"replies":[{"embeddable":true,"href":"https:\/\/arcusin.isocialdev.com\/de\/wp-json\/wp\/v2\/comments?post=52146"}],"version-history":[{"count":8,"href":"https:\/\/arcusin.isocialdev.com\/de\/wp-json\/wp\/v2\/posts\/52146\/revisions"}],"predecessor-version":[{"id":55717,"href":"https:\/\/arcusin.isocialdev.com\/de\/wp-json\/wp\/v2\/posts\/52146\/revisions\/55717"}],"wp:featuredmedia":[{"embeddable":true,"href":"https:\/\/arcusin.isocialdev.com\/de\/wp-json\/wp\/v2\/media\/52147"}],"wp:attachment":[{"href":"https:\/\/arcusin.isocialdev.com\/de\/wp-json\/wp\/v2\/media?parent=52146"}],"wp:term":[{"taxonomy":"category","embeddable":true,"href":"https:\/\/arcusin.isocialdev.com\/de\/wp-json\/wp\/v2\/categories?post=52146"},{"taxonomy":"post_tag","embeddable":true,"href":"https:\/\/arcusin.isocialdev.com\/de\/wp-json\/wp\/v2\/tags?post=52146"}],"curies":[{"name":"wp","href":"https:\/\/api.w.org\/{rel}","templated":true}]}}