{"id":12631,"date":"2022-11-28T00:00:00","date_gmt":"2022-11-28T00:00:00","guid":{"rendered":"https:\/\/arcusin.isocialdev.com\/we-love-arcufests-2\/"},"modified":"2024-07-08T11:12:26","modified_gmt":"2024-07-08T11:12:26","slug":"we-love-arcufests-2","status":"publish","type":"post","link":"https:\/\/arcusin.isocialdev.com\/de\/we-love-arcufests-2\/","title":{"rendered":"Wir lieben ArcuFeste!"},"content":{"rendered":"<p>Auch in diesem Jahr konnten wir wieder das <strong>Arcufest, die traditionelle Arcusin-Saisonabschlussparty, feiern<\/strong>.<\/p>\n<p>Nach einem sehr hei\u00dfen Sommer schien es, dass am 2. September der Sturm des Jahres kommen musste&#8230; aber nicht einmal die schlimmste Wettervorhersage konnte uns die Lust und die Illusion nehmen, die fantastische Kampagne, die wir gemacht hatten, und die gew\u00fcnschte R\u00fcckkehr zur Normalit\u00e4t nach zweieinhalb Jahren Pandemie zu feiern.<\/p>\n<p>Es war ein Fest mit allem Drum und Dran:<strong> Teamwork-Dynamik<\/strong> (wir mussten eine Br\u00fccke bauen), <strong>Spiele<\/strong> (das klassische Taschentuch Spiel),<strong> Tombolas<\/strong>, <strong>Reden<\/strong>, <strong>Lachen<\/strong>, <strong>Tanzen<\/strong> (bis fast zum Morgengrauen!), gute Live-Musik und jede Menge Essen, aber vor allem <strong>Freude und eine unglaubliche Atmosph\u00e4re unter Kollegen und Freunden<\/strong>.<\/p>\n<p>Wir haben uns besonders dar\u00fcber gefreut, dass ein Teil des <strong>Teams der Arcusin Corp.<\/strong> an dieser Feier teilnehmen konnte, zu der jedes Jahr mehr von uns kommen.<\/p>\n<p>Danke an alle, die es m\u00f6glich gemacht haben und das Arcufest zu einem festen Termin im Kalender machen. <strong>Achtung, denn wir planen bereits das n\u00e4chste Fest!<\/strong><\/p>\n<p><iframe loading=\"lazy\" title=\"YouTube video player\" src=\"https:\/\/www.youtube.com\/embed\/jKVflF6wItg\" width=\"560\" height=\"315\" frameborder=\"0\" allowfullscreen=\"allowfullscreen\"><\/iframe><\/p>\n","protected":false},"excerpt":{"rendered":"<p>Auch in diesem Jahr konnten wir wieder das Arcufest, die traditionelle Arcusin-Saisonabschlussparty, feiern.<\/p>\n<p>Nach einem sehr hei\u00dfen Sommer schien es, dass am 2. September der Sturm des Jahres kommen musste&#8230; aber nicht einmal die schlimmste Wettervorhersage konnte uns die Lust und die Illusion nehmen, die fantastische Kampagne, die wir gemacht hatten, und die gew\u00fcnschte R\u00fcckkehr zur Normalit\u00e4t nach zweieinhalb Jahren Pandemie zu feiern.<\/p>\n","protected":false},"author":156,"featured_media":16414,"comment_status":"open","ping_status":"open","sticky":false,"template":"","format":"standard","meta":{"content-type":"","footnotes":""},"categories":[6,387],"tags":[],"class_list":["post-12631","post","type-post","status-publish","format-standard","has-post-thumbnail","hentry","category-noticias-de","category-ueber-arcussin"],"_links":{"self":[{"href":"https:\/\/arcusin.isocialdev.com\/de\/wp-json\/wp\/v2\/posts\/12631","targetHints":{"allow":["GET"]}}],"collection":[{"href":"https:\/\/arcusin.isocialdev.com\/de\/wp-json\/wp\/v2\/posts"}],"about":[{"href":"https:\/\/arcusin.isocialdev.com\/de\/wp-json\/wp\/v2\/types\/post"}],"author":[{"embeddable":true,"href":"https:\/\/arcusin.isocialdev.com\/de\/wp-json\/wp\/v2\/users\/156"}],"replies":[{"embeddable":true,"href":"https:\/\/arcusin.isocialdev.com\/de\/wp-json\/wp\/v2\/comments?post=12631"}],"version-history":[{"count":1,"href":"https:\/\/arcusin.isocialdev.com\/de\/wp-json\/wp\/v2\/posts\/12631\/revisions"}],"predecessor-version":[{"id":54930,"href":"https:\/\/arcusin.isocialdev.com\/de\/wp-json\/wp\/v2\/posts\/12631\/revisions\/54930"}],"wp:featuredmedia":[{"embeddable":true,"href":"https:\/\/arcusin.isocialdev.com\/de\/wp-json\/wp\/v2\/media\/16414"}],"wp:attachment":[{"href":"https:\/\/arcusin.isocialdev.com\/de\/wp-json\/wp\/v2\/media?parent=12631"}],"wp:term":[{"taxonomy":"category","embeddable":true,"href":"https:\/\/arcusin.isocialdev.com\/de\/wp-json\/wp\/v2\/categories?post=12631"},{"taxonomy":"post_tag","embeddable":true,"href":"https:\/\/arcusin.isocialdev.com\/de\/wp-json\/wp\/v2\/tags?post=12631"}],"curies":[{"name":"wp","href":"https:\/\/api.w.org\/{rel}","templated":true}]}}