{"id":12628,"date":"2021-12-28T00:00:00","date_gmt":"2021-12-28T00:00:00","guid":{"rendered":"https:\/\/arcusin.isocialdev.com\/arcusin-receives-an-award-for-its-leadership-in-innovation-and-digitalization\/"},"modified":"2024-07-08T11:19:26","modified_gmt":"2024-07-08T11:19:26","slug":"arcusin-receives-an-award-for-its-leadership-in-innovation-and-digitalization","status":"publish","type":"post","link":"https:\/\/arcusin.isocialdev.com\/de\/arcusin-receives-an-award-for-its-leadership-in-innovation-and-digitalization\/","title":{"rendered":"Arcusin erh\u00e4lt eine auszeichnung f\u00fcr seine f\u00fchrungsrolle bei innovation und digitalisierung"},"content":{"rendered":"<p>Die Handelskammer von Lleida hat am 21. Dezember gemeinsam mit der spanischen Handelskammer und der Banco Santander zum f\u00fcnften Mal die Auszeichnung &#8222;Pyme des Jahres&#8220; verliehen. Mit diesen Auszeichnungen sollen die Bem\u00fchungen der Unternehmen in Lleida um die Schaffung von Arbeitspl\u00e4tzen und Wohlstand in der Region gew\u00fcrdigt werden.<\/p>\n<p>In den letzten Jahren hat Arcusin eine digitale Transformation durchlaufen und digitale Technologien in alle Gesch\u00e4ftsbereiche integriert, um neue Umsatzm\u00f6glichkeiten zu schaffen und unseren Kunden einen Mehrwert zu bieten. Besonders wichtig wurde dies nach der weltweiten Pandemie im Jahr 2020, als wir gezwungen waren, neue Wege zu finden, um mit unseren internationalen Kunden in Verbindung zu bleiben und neue Einnahmequellen zu erschlie\u00dfen.<\/p>\n<p>Diese Bem\u00fchungen wurden am vergangenen Dienstag von der Handelskammer gew\u00fcrdigt, als Arcusin die Auszeichnung f\u00fcr ein f\u00fchrendes Unternehmen im Bereich Innovation und Digitalisierung in der Provinz erhielt.<\/p>\n<p>Wir sind dankbar f\u00fcr die Anerkennung und sind sehr stolz auf unser Team f\u00fcr all die Leistungen, die es in den letzten Jahren erreicht hat. Wir werden unser Unternehmen weiterhin verbessern und weiterentwickeln, um die Bed\u00fcrfnisse der Landwirtschaft zu erf\u00fcllen.<\/p>\n<p>&nbsp;<\/p>\n<p>&nbsp;<\/p>\n","protected":false},"excerpt":{"rendered":"<p>Die Handelskammer von Lleida hat am 21. Dezember gemeinsam mit der spanischen Handelskammer und der Banco Santander zum f\u00fcnften Mal die Auszeichnung &#8222;Pyme des Jahres&#8220; verliehen. Mit diesen Auszeichnungen sollen die Bem\u00fchungen der Unternehmen in Lleida um die Schaffung von Arbeitspl\u00e4tzen und Wohlstand in der Region gew\u00fcrdigt werden.<\/p>\n","protected":false},"author":156,"featured_media":23843,"comment_status":"open","ping_status":"open","sticky":false,"template":"","format":"standard","meta":{"content-type":"","footnotes":""},"categories":[6,390,387],"tags":[],"class_list":["post-12628","post","type-post","status-publish","format-standard","has-post-thumbnail","hentry","category-noticias-de","category-ausstellungen-und-veranstaltungen","category-ueber-arcussin"],"_links":{"self":[{"href":"https:\/\/arcusin.isocialdev.com\/de\/wp-json\/wp\/v2\/posts\/12628","targetHints":{"allow":["GET"]}}],"collection":[{"href":"https:\/\/arcusin.isocialdev.com\/de\/wp-json\/wp\/v2\/posts"}],"about":[{"href":"https:\/\/arcusin.isocialdev.com\/de\/wp-json\/wp\/v2\/types\/post"}],"author":[{"embeddable":true,"href":"https:\/\/arcusin.isocialdev.com\/de\/wp-json\/wp\/v2\/users\/156"}],"replies":[{"embeddable":true,"href":"https:\/\/arcusin.isocialdev.com\/de\/wp-json\/wp\/v2\/comments?post=12628"}],"version-history":[{"count":1,"href":"https:\/\/arcusin.isocialdev.com\/de\/wp-json\/wp\/v2\/posts\/12628\/revisions"}],"predecessor-version":[{"id":54954,"href":"https:\/\/arcusin.isocialdev.com\/de\/wp-json\/wp\/v2\/posts\/12628\/revisions\/54954"}],"wp:featuredmedia":[{"embeddable":true,"href":"https:\/\/arcusin.isocialdev.com\/de\/wp-json\/wp\/v2\/media\/23843"}],"wp:attachment":[{"href":"https:\/\/arcusin.isocialdev.com\/de\/wp-json\/wp\/v2\/media?parent=12628"}],"wp:term":[{"taxonomy":"category","embeddable":true,"href":"https:\/\/arcusin.isocialdev.com\/de\/wp-json\/wp\/v2\/categories?post=12628"},{"taxonomy":"post_tag","embeddable":true,"href":"https:\/\/arcusin.isocialdev.com\/de\/wp-json\/wp\/v2\/tags?post=12628"}],"curies":[{"name":"wp","href":"https:\/\/api.w.org\/{rel}","templated":true}]}}