{"id":12613,"date":"2018-07-17T00:00:00","date_gmt":"2018-07-17T00:00:00","guid":{"rendered":"https:\/\/arcusin.isocialdev.com\/felddemonstrationen-in-den-niederlanden\/"},"modified":"2024-07-08T11:18:07","modified_gmt":"2024-07-08T11:18:07","slug":"felddemonstrationen-in-den-niederlanden","status":"publish","type":"post","link":"https:\/\/arcusin.isocialdev.com\/de\/felddemonstrationen-in-den-niederlanden\/","title":{"rendered":"Felddemonstrationen in den Niederlanden"},"content":{"rendered":"<p><span style=\"font-weight: 400;\">W\u00e4hrend der intensiven kommerziellen Aktivit\u00e4t, die der Kampagne f\u00fcr die Sammlung von Futterballen vorausging, f\u00fchrte <\/span><b>ARCUSIN<\/b><span style=\"font-weight: 400;\"> im vergangenen Juni eine Demonstration des kleinen <\/span><b>Ballenpackers Multipack C14<\/b><span style=\"font-weight: 400;\"> und des <\/span><b>Ballensammlers ForStack <\/b><span style=\"font-weight: 400;\">durch. Am 16. und 17. Juni wurden die Maschinen in Belgien und am 24. Juni in den Niederlanden vorgef\u00fchrtr. <\/span><b>Unsere Mitarbeiter aus den Niederlanden hat diese Demonstration organisiert, so dass an nichts fehlte!<\/b><\/p>\n<p><span style=\"font-weight: 400;\">Die Leistung beider Maschinen \u00fcberraschte und weckte das einhellige Interesse der vielen anwesenden Besucher, von denen viele lange Strecken zur\u00fcckgelegt hatten, um unsere Maschinen in Aktion zu sehen.<\/span><\/p>\n<p><span style=\"font-weight: 400;\">Zum Gl\u00fcck wurden die 2 Wochenenden von gutem Wetter begleitet, so dass jeden Tag verschiedene Demonstrationen stattfinden konnten. Wir bei <\/span><b>ARCUSIN<\/b><span style=\"font-weight: 400;\"> sind \u00fcberzeugt, <\/span><b>dass dies zweifellos ein neuer Impuls f\u00fcr die bereits wachsende Einf\u00fchrung unserer Maschinen in den Benelux-L\u00e4ndern sein wird.<\/b><\/p>\n<p>&nbsp;<\/p>\n<p><span style=\"font-weight: 400;\">\u00a0<\/span><\/p>\n","protected":false},"excerpt":{"rendered":"<p>W\u00e4hrend der intensiven kommerziellen Aktivit\u00e4t, die der Kampagne f\u00fcr die Sammlung von Futterballen vorausging, f\u00fchrte ARCUSIN im vergangenen Juni eine Demonstration des kleinen Ballenpackers Multipack C14 und des Ballensammlers ForStack durch. Am 16. und 17. Juni wurden die Maschinen in Belgien und am 24. Juni in den Niederlanden vorgef\u00fchrtr. Unsere Mitarbeiter aus den Niederlanden hat diese Demonstration organisiert, so dass an nichts fehlte!<\/p>\n","protected":false},"author":156,"featured_media":26294,"comment_status":"open","ping_status":"open","sticky":false,"template":"","format":"standard","meta":{"content-type":"","footnotes":""},"categories":[6,387,388],"tags":[],"class_list":["post-12613","post","type-post","status-publish","format-standard","has-post-thumbnail","hentry","category-noticias-de","category-ueber-arcussin","category-ueber-landwirtschaft"],"_links":{"self":[{"href":"https:\/\/arcusin.isocialdev.com\/de\/wp-json\/wp\/v2\/posts\/12613","targetHints":{"allow":["GET"]}}],"collection":[{"href":"https:\/\/arcusin.isocialdev.com\/de\/wp-json\/wp\/v2\/posts"}],"about":[{"href":"https:\/\/arcusin.isocialdev.com\/de\/wp-json\/wp\/v2\/types\/post"}],"author":[{"embeddable":true,"href":"https:\/\/arcusin.isocialdev.com\/de\/wp-json\/wp\/v2\/users\/156"}],"replies":[{"embeddable":true,"href":"https:\/\/arcusin.isocialdev.com\/de\/wp-json\/wp\/v2\/comments?post=12613"}],"version-history":[{"count":1,"href":"https:\/\/arcusin.isocialdev.com\/de\/wp-json\/wp\/v2\/posts\/12613\/revisions"}],"predecessor-version":[{"id":54945,"href":"https:\/\/arcusin.isocialdev.com\/de\/wp-json\/wp\/v2\/posts\/12613\/revisions\/54945"}],"wp:featuredmedia":[{"embeddable":true,"href":"https:\/\/arcusin.isocialdev.com\/de\/wp-json\/wp\/v2\/media\/26294"}],"wp:attachment":[{"href":"https:\/\/arcusin.isocialdev.com\/de\/wp-json\/wp\/v2\/media?parent=12613"}],"wp:term":[{"taxonomy":"category","embeddable":true,"href":"https:\/\/arcusin.isocialdev.com\/de\/wp-json\/wp\/v2\/categories?post=12613"},{"taxonomy":"post_tag","embeddable":true,"href":"https:\/\/arcusin.isocialdev.com\/de\/wp-json\/wp\/v2\/tags?post=12613"}],"curies":[{"name":"wp","href":"https:\/\/api.w.org\/{rel}","templated":true}]}}