{"id":37640,"date":"2023-06-01T11:04:13","date_gmt":"2023-06-01T11:04:13","guid":{"rendered":"https:\/\/arcusin.isocialdev.com\/arcusin-returns-to-lerma-located-in-the-heart-of-castilla-y-leon\/"},"modified":"2023-06-01T16:16:59","modified_gmt":"2023-06-01T16:16:59","slug":"arcusin-returns-to-lerma-located-in-the-heart-of-castilla-y-leon","status":"publish","type":"post","link":"https:\/\/arcusin.isocialdev.com\/ca\/arcusin-returns-to-lerma-located-in-the-heart-of-castilla-y-leon\/","title":{"rendered":"Arcusin torna a Lerma un any m\u00e9s, situada al cor de Castella i Lle\u00f3"},"content":{"rendered":"","protected":false},"excerpt":{"rendered":"<p>Despr\u00e9s de la pausa per la pand\u00e8mia i un any post-COVID amb poca aflu\u00e8ncia, la fira agr\u00edcola de Lerma recupera el seu \u00e8xit el 2023 amb m\u00e9s de 240 expositors i 100.000 assistents. Aquesta fira ha estat sempre un referent nacional per a Arcusin ja que est\u00e0 situada al cor de Castella i Lle\u00f3, en una de les zones m\u00e9s productives de cereal i palla d\u2019Espanya.<\/p>\n","protected":false},"author":156,"featured_media":37940,"comment_status":"open","ping_status":"open","sticky":false,"template":"","format":"standard","meta":{"content-type":"","footnotes":""},"categories":[4,381],"tags":[],"class_list":["post-37640","post","type-post","status-publish","format-standard","has-post-thumbnail","hentry","category-noticies-ca","category-sobre-arcussin-ca"],"_links":{"self":[{"href":"https:\/\/arcusin.isocialdev.com\/ca\/wp-json\/wp\/v2\/posts\/37640","targetHints":{"allow":["GET"]}}],"collection":[{"href":"https:\/\/arcusin.isocialdev.com\/ca\/wp-json\/wp\/v2\/posts"}],"about":[{"href":"https:\/\/arcusin.isocialdev.com\/ca\/wp-json\/wp\/v2\/types\/post"}],"author":[{"embeddable":true,"href":"https:\/\/arcusin.isocialdev.com\/ca\/wp-json\/wp\/v2\/users\/156"}],"replies":[{"embeddable":true,"href":"https:\/\/arcusin.isocialdev.com\/ca\/wp-json\/wp\/v2\/comments?post=37640"}],"version-history":[{"count":0,"href":"https:\/\/arcusin.isocialdev.com\/ca\/wp-json\/wp\/v2\/posts\/37640\/revisions"}],"wp:featuredmedia":[{"embeddable":true,"href":"https:\/\/arcusin.isocialdev.com\/ca\/wp-json\/wp\/v2\/media\/37940"}],"wp:attachment":[{"href":"https:\/\/arcusin.isocialdev.com\/ca\/wp-json\/wp\/v2\/media?parent=37640"}],"wp:term":[{"taxonomy":"category","embeddable":true,"href":"https:\/\/arcusin.isocialdev.com\/ca\/wp-json\/wp\/v2\/categories?post=37640"},{"taxonomy":"post_tag","embeddable":true,"href":"https:\/\/arcusin.isocialdev.com\/ca\/wp-json\/wp\/v2\/tags?post=37640"}],"curies":[{"name":"wp","href":"https:\/\/api.w.org\/{rel}","templated":true}]}}