{"id":12577,"date":"2022-11-28T00:00:00","date_gmt":"2022-11-28T00:00:00","guid":{"rendered":"https:\/\/arcusin.isocialdev.com\/noticies-ca-ens-agraden-els-arcufests\/"},"modified":"2023-01-25T21:21:00","modified_gmt":"2023-01-25T21:21:00","slug":"noticies-ca-ens-agraden-els-arcufests","status":"publish","type":"post","link":"https:\/\/arcusin.isocialdev.com\/ca\/noticies-ca-ens-agraden-els-arcufests\/","title":{"rendered":"Com ens agraden els ArcuFests!"},"content":{"rendered":"<p>Un any m\u00e9s hem pogut celebrar l&#8217;<strong>Arcufest, la tradicional festa de final de campanya d&#8217;Arcusin<\/strong>.<\/p>\n<p>Despr\u00e9s d&#8217;un estiu d&#8217;all\u00f2 m\u00e9s calor\u00f3s, semblava que aquell 2 de setembre havia de caure la tempesta de la fi del m\u00f3n\u2026 per\u00f2 ni el pitjor pron\u00f2stic meteorol\u00f2gic ens treia les ganes i il\u00b7lusi\u00f3 per celebrar la fant\u00e0stica campanya que hav\u00edem fet i la volta a la normalitat despr\u00e9s de dos anys i mig de pand\u00e8mia.<\/p>\n<p>Va ser una festa on hi va haver de tot; <strong>din\u00e0miques de treball en equip<\/strong> (hav\u00edem de construir un pont), <strong>jocs<\/strong> (el cl\u00e0ssic joc del mocador), <strong>sorteigs<\/strong>, <strong>discursos<\/strong>, <strong>rialles<\/strong>, <strong>ballareigs<\/strong> (fins gaireb\u00e9 l&#8217;alba!), bona m\u00fasica en directe i molt, molt menjar, <strong>per\u00f2 sobre tot alegria i un incre\u00efble ambient entre companys i amics<\/strong>.<\/p>\n<p>Especial il\u00b7lusi\u00f3 ens va fer que part de l&#8217;<strong>equip d&#8217;Arcusin Corp.<\/strong> pogu\u00e9s unir-se a aquesta celebraci\u00f3 en qu\u00e8 cada any som m\u00e9s.<\/p>\n<p>Gr\u00e0cies a tots i totes per fer-ho possible i fer de l&#8217;Arcufest una data destacada al calendari. <strong>Atenci\u00f3, perqu\u00e8 ja estem tramant la seg\u00fcent!<\/strong><\/p>\n<p><iframe loading=\"lazy\" title=\"YouTube video player\" src=\"https:\/\/www.youtube.com\/embed\/jKVflF6wItg\" width=\"560\" height=\"315\" frameborder=\"0\" allowfullscreen=\"allowfullscreen\"><\/iframe><\/p>\n","protected":false},"excerpt":{"rendered":"<p>Un any m\u00e9s hem pogut celebrar l&#8217;Arcufest, la tradicional festa de final de campanya d&#8217;Arcusin.<\/p>\n<p>Despr\u00e9s d&#8217;un estiu d&#8217;all\u00f2 m\u00e9s calor\u00f3s, semblava que aquell 2 de setembre havia de caure la tempesta de la fi del m\u00f3n\u2026 per\u00f2 ni el pitjor pron\u00f2stic meteorol\u00f2gic ens treia les ganes i il\u00b7lusi\u00f3 per celebrar la fant\u00e0stica campanya que hav\u00edem fet i la volta a la normalitat despr\u00e9s de dos anys i mig de pand\u00e8mia.<\/p>\n","protected":false},"author":156,"featured_media":16409,"comment_status":"open","ping_status":"open","sticky":false,"template":"","format":"standard","meta":{"content-type":"","footnotes":""},"categories":[4,381],"tags":[],"class_list":["post-12577","post","type-post","status-publish","format-standard","has-post-thumbnail","hentry","category-noticies-ca","category-sobre-arcussin-ca"],"_links":{"self":[{"href":"https:\/\/arcusin.isocialdev.com\/ca\/wp-json\/wp\/v2\/posts\/12577","targetHints":{"allow":["GET"]}}],"collection":[{"href":"https:\/\/arcusin.isocialdev.com\/ca\/wp-json\/wp\/v2\/posts"}],"about":[{"href":"https:\/\/arcusin.isocialdev.com\/ca\/wp-json\/wp\/v2\/types\/post"}],"author":[{"embeddable":true,"href":"https:\/\/arcusin.isocialdev.com\/ca\/wp-json\/wp\/v2\/users\/156"}],"replies":[{"embeddable":true,"href":"https:\/\/arcusin.isocialdev.com\/ca\/wp-json\/wp\/v2\/comments?post=12577"}],"version-history":[{"count":0,"href":"https:\/\/arcusin.isocialdev.com\/ca\/wp-json\/wp\/v2\/posts\/12577\/revisions"}],"wp:featuredmedia":[{"embeddable":true,"href":"https:\/\/arcusin.isocialdev.com\/ca\/wp-json\/wp\/v2\/media\/16409"}],"wp:attachment":[{"href":"https:\/\/arcusin.isocialdev.com\/ca\/wp-json\/wp\/v2\/media?parent=12577"}],"wp:term":[{"taxonomy":"category","embeddable":true,"href":"https:\/\/arcusin.isocialdev.com\/ca\/wp-json\/wp\/v2\/categories?post=12577"},{"taxonomy":"post_tag","embeddable":true,"href":"https:\/\/arcusin.isocialdev.com\/ca\/wp-json\/wp\/v2\/tags?post=12577"}],"curies":[{"name":"wp","href":"https:\/\/api.w.org\/{rel}","templated":true}]}}