{"id":12574,"date":"2021-12-28T00:00:00","date_gmt":"2021-12-28T00:00:00","guid":{"rendered":"https:\/\/arcusin.isocialdev.com\/arcusin-receives-an-award-for-its-leadership-in-innovation-and-digitalization\/"},"modified":"2023-06-01T07:48:52","modified_gmt":"2023-06-01T07:48:52","slug":"arcusin-receives-an-award-for-its-leadership-in-innovation-and-digitalization","status":"publish","type":"post","link":"https:\/\/arcusin.isocialdev.com\/ca\/arcusin-receives-an-award-for-its-leadership-in-innovation-and-digitalization\/","title":{"rendered":"Arcusin rep un premi pel seu Lideratge en Innovaci\u00f3 i Digitalitzaci\u00f3"},"content":{"rendered":"<p>La Cambra de Comer\u00e7 de Lleida va acollir el passat 21 de desembre la cinquena edici\u00f3 del <strong>premi PIME de l&#8217;Any<\/strong>, juntament amb la <strong>Cambra de Comer\u00e7 d&#8217;Espanya i el Banc Santander<\/strong>. Aquests premis busquen recon\u00e8ixer l&#8217;esfor\u00e7 que estan fent les empreses de Lleida en la generaci\u00f3 d&#8217;ocupaci\u00f3 i riquesa al territori.<\/p>\n<p>En els darrers anys, Arcusin ha experimentat una gran transformaci\u00f3 digital, integrant tecnologies digitals a totes les \u00e0rees del nostre negoci amb l&#8217;objectiu de <strong>brindar noves oportunitats de negoci i aportar valor als nostres clients<\/strong>. Aquest canvi es va tornar especialment important al 2020 arrel de la pand\u00e8mia mundial, ja que ens vam veure obligats a trobar noves maneres de mantenir-nos connectats amb els nostres clients internacionals i buscar noves vies de generaci\u00f3 de vendes.<\/p>\n<p>Aquests esfor\u00e7os van ser reconeguts dimarts passat per la Cambra de Comer\u00e7, ja que Arcusin va rebre el premi per ser una empresa l\u00edder en innovaci\u00f3 i digitalitzaci\u00f3 dins de la prov\u00edncia de Lleida.<\/p>\n<p>Estem agra\u00efts pel reconeixement i ens sentim molt orgullosos del nostre equip per tots els \u00e8xits que han aconseguit en aquests darrers anys. <strong>Aix\u00f2 ens serveix com a motivaci\u00f3 per continuar millorant i evolucionant el nostre negoci, seguint aix\u00ed satisfent les necessitats de la ind\u00fastria agr\u00edcola<\/strong>.<\/p>\n<p>&nbsp;<\/p>\n","protected":false},"excerpt":{"rendered":"<p>La Cambra de Comer\u00e7 de Lleida va acollir el passat 21 de desembre la cinquena edici\u00f3 del premi PIME de l&#8217;Any, juntament amb la Cambra de Comer\u00e7 d&#8217;Espanya i el Banc Santander. Aquests premis busquen recon\u00e8ixer l&#8217;esfor\u00e7 que estan fent les empreses de Lleida en la generaci\u00f3 d&#8217;ocupaci\u00f3 i riquesa al territori.<\/p>\n","protected":false},"author":156,"featured_media":23839,"comment_status":"open","ping_status":"open","sticky":false,"template":"","format":"standard","meta":{"content-type":"","footnotes":""},"categories":[383,4,381],"tags":[],"class_list":["post-12574","post","type-post","status-publish","format-standard","has-post-thumbnail","hentry","category-exhibicions-i-esdeveniments","category-noticies-ca","category-sobre-arcussin-ca"],"_links":{"self":[{"href":"https:\/\/arcusin.isocialdev.com\/ca\/wp-json\/wp\/v2\/posts\/12574","targetHints":{"allow":["GET"]}}],"collection":[{"href":"https:\/\/arcusin.isocialdev.com\/ca\/wp-json\/wp\/v2\/posts"}],"about":[{"href":"https:\/\/arcusin.isocialdev.com\/ca\/wp-json\/wp\/v2\/types\/post"}],"author":[{"embeddable":true,"href":"https:\/\/arcusin.isocialdev.com\/ca\/wp-json\/wp\/v2\/users\/156"}],"replies":[{"embeddable":true,"href":"https:\/\/arcusin.isocialdev.com\/ca\/wp-json\/wp\/v2\/comments?post=12574"}],"version-history":[{"count":0,"href":"https:\/\/arcusin.isocialdev.com\/ca\/wp-json\/wp\/v2\/posts\/12574\/revisions"}],"wp:featuredmedia":[{"embeddable":true,"href":"https:\/\/arcusin.isocialdev.com\/ca\/wp-json\/wp\/v2\/media\/23839"}],"wp:attachment":[{"href":"https:\/\/arcusin.isocialdev.com\/ca\/wp-json\/wp\/v2\/media?parent=12574"}],"wp:term":[{"taxonomy":"category","embeddable":true,"href":"https:\/\/arcusin.isocialdev.com\/ca\/wp-json\/wp\/v2\/categories?post=12574"},{"taxonomy":"post_tag","embeddable":true,"href":"https:\/\/arcusin.isocialdev.com\/ca\/wp-json\/wp\/v2\/tags?post=12574"}],"curies":[{"name":"wp","href":"https:\/\/api.w.org\/{rel}","templated":true}]}}