{"id":12573,"date":"2021-06-21T00:00:00","date_gmt":"2021-06-20T23:00:00","guid":{"rendered":"https:\/\/arcusin.isocialdev.com\/postes-en-marxa-de-maquines-de-manipulacio-de-paques-per-franca\/"},"modified":"2023-06-01T07:54:23","modified_gmt":"2023-06-01T07:54:23","slug":"postes-en-marxa-de-maquines-de-manipulacio-de-paques-per-franca","status":"publish","type":"post","link":"https:\/\/arcusin.isocialdev.com\/ca\/postes-en-marxa-de-maquines-de-manipulacio-de-paques-per-franca\/","title":{"rendered":"POSTES EN MARXA DE M\u00c0QUINES DE MANIPULACI\u00d3 DE PAQUES PER FRAN\u00c7A"},"content":{"rendered":"<p>Com a empresa familiar, est\u00e0 al nostre ADN establir relacions estretes amb els nostres clients, qui considerem part essencial de la nostra fam\u00edlia de manipulador de paques. Per aix\u00f2, quan venem una m\u00e0quina, sempre anem a casa del client per fer la primera posta en marxa i <strong>passar un dia sencer amb ells mostrant com operar la m\u00e0quina en els seus camps.<\/strong><\/p>\n<p>La setmana passada, part del nostre equip de postvenda, Salvador i Xavier, van agafar les maletes i les seves eines i van comen\u00e7ar un viatge de 6 dies per Fran\u00e7a per fer postes en marxa de quatre <a href=\"https:\/\/arcusin.isocialdev.com\/ca\/productes\/multipack-d14-agrupador-de-paques\/\">agrupadors de paques<\/a>, un <a href=\"https:\/\/arcusin.isocialdev.com\/ca\/productes\/forstack-812-acumulador-de-bales\/\">acumulador de paques<\/a> i un <a href=\"https:\/\/arcusin.isocialdev.com\/ca\/productes\/autostack-fsx\/\">remolc auto carregador de paques<\/a>. La nostra directora comercial, <a href=\"https:\/\/www.facebook.com\/cusine.blanca\" target=\"_blank\" rel=\"noopener\">Blanca<\/a>, que tenia moltes ganes de tornar a viatjar i con\u00e8ixer nous clients, els va acompanyar tamb\u00e9 en aquest viatge tan divertit.<\/p>\n<p>Viatjar durant \u00e8poca de pand\u00e8mia \u00e9s tot un repte, amb moltes normes de seguretat a seguir. Fran\u00e7a encara tenia l\u2019estat d\u2019alarma declarat, per\u00f2 aix\u00f2 no va impedir que el nostre trio complet\u00e9s <strong>la ruta de 3.500 km i arrib\u00e9s a les 6 destinacions finals.<\/strong><\/p>\n<p><img loading=\"lazy\" decoding=\"async\" class=\"aligncenter wp-image-41550 size-full\" src=\"https:\/\/arcusin.isocialdev.com\/wp-content\/uploads\/2023\/03\/mapa-team.png\" alt=\"Arcusin France\" width=\"1578\" height=\"655\" \/><\/p>\n<p>&nbsp;<\/p>\n<p>Van sortir de la seu d\u2019Arcusin i van fer la primera parada a Montaut, localitat de el primer client, qui va comprar un acumulador de bales <a href=\"https:\/\/www.youtube.com\/watch?v=UIrY7hlthlg\" target=\"_blank\" rel=\"noopener\">ForStack<\/a> aquesta temporada. Com veus a la imatge, <strong>el nostre equip estava desitjant comen\u00e7ar!<\/strong><\/p>\n<p>La seg\u00fcent parada va ser a Maille, on van passar una tarda assolellada muntant un remolc auto carregador de bales <a href=\"https:\/\/www.youtube.com\/watch?v=hM_wklzDECY&amp;list=PL3HXxJdePED6hq91IyUOCyYn2Af643xWE\" target=\"_blank\" rel=\"noopener\">AutoStack FSX<\/a> per al seu propietari, qui opera en el negoci de la palla i necessitava una <strong>forma r\u00e0pida i eficient d&#8217;apilar paques grans.<\/strong><\/p>\n<p>Els dies seg\u00fcents van estar plens de postes en marxa de <a href=\"https:\/\/www.youtube.com\/watch?v=pyQpG-SU3oQ\" target=\"_blank\" rel=\"noopener\">MultiPacks D14<\/a> per la zona nord-est del pa\u00eds. El nostre equip va treballar llargues jornades, per\u00f2 <strong>les quatre m\u00e0quines es van muntar amb \u00e8xit i van empaquetar les seves primeres bales petites<\/strong> sense incid\u00e8ncies.<\/p>\n<p><img loading=\"lazy\" decoding=\"async\" class=\"aligncenter wp-image-41561 size-full\" src=\"https:\/\/arcusin.isocialdev.com\/wp-content\/uploads\/2023\/03\/team.png\" alt=\"Bale handling France\" width=\"1578\" height=\"1080\" \/><\/p>\n<p>&nbsp;<\/p>\n<p>A Arcusin, creiem en la import\u00e0ncia d&#8217;oferir als nostres treballadors m\u00e9s joves experi\u00e8ncies reals al camp i temps de qualitat amb agricultors. \u00c9s l&#8217;\u00fanica forma de comprendre veritablement la connexi\u00f3 que existeix entre les nostres m\u00e0quines i la terra amb la que treballen, aix\u00ed com l\u2019impacte que la nostra tecnologia t\u00e9 en centenars d\u2019empreses agr\u00edcoles arreu del m\u00f3n.<\/p>\n<p>Aquests viatges s\u00f3n llargs i intensos, per\u00f2 divertits i gratificants alhora! Estem m\u00e9s motivats que mai, desitjant tornar de ruta aviat una altra vegada.<\/p>\n<p><strong>ADIVINES PER ON SER\u00c0? ????<\/strong><\/p>\n<p><img loading=\"lazy\" decoding=\"async\" class=\"aligncenter wp-image-41572 size-full\" src=\"https:\/\/arcusin.isocialdev.com\/wp-content\/uploads\/2023\/03\/sat-tractor.png\" alt=\"Bale handling equipment France\" width=\"1578\" height=\"1080\" \/><\/p>\n<p>&nbsp;<\/p>\n<p>&nbsp;<\/p>\n<p>&nbsp;<\/p>\n","protected":false},"excerpt":{"rendered":"<p>Com a empresa familiar, est\u00e0 al nostre ADN establir relacions estretes amb els nostres clients, qui considerem part essencial de la nostra fam\u00edlia de manipulador de paques. Per aix\u00f2, quan venem una m\u00e0quina, sempre anem a casa del client per fer la primera posta en marxa i passar un dia sencer amb ells mostrant com operar la m\u00e0quina en els seus camps.<\/p>\n","protected":false},"author":156,"featured_media":14372,"comment_status":"open","ping_status":"open","sticky":false,"template":"","format":"standard","meta":{"content-type":"","footnotes":""},"categories":[4,381,382],"tags":[],"class_list":["post-12573","post","type-post","status-publish","format-standard","has-post-thumbnail","hentry","category-noticies-ca","category-sobre-arcussin-ca","category-sobre-les-nostres-maquines"],"_links":{"self":[{"href":"https:\/\/arcusin.isocialdev.com\/ca\/wp-json\/wp\/v2\/posts\/12573","targetHints":{"allow":["GET"]}}],"collection":[{"href":"https:\/\/arcusin.isocialdev.com\/ca\/wp-json\/wp\/v2\/posts"}],"about":[{"href":"https:\/\/arcusin.isocialdev.com\/ca\/wp-json\/wp\/v2\/types\/post"}],"author":[{"embeddable":true,"href":"https:\/\/arcusin.isocialdev.com\/ca\/wp-json\/wp\/v2\/users\/156"}],"replies":[{"embeddable":true,"href":"https:\/\/arcusin.isocialdev.com\/ca\/wp-json\/wp\/v2\/comments?post=12573"}],"version-history":[{"count":0,"href":"https:\/\/arcusin.isocialdev.com\/ca\/wp-json\/wp\/v2\/posts\/12573\/revisions"}],"wp:featuredmedia":[{"embeddable":true,"href":"https:\/\/arcusin.isocialdev.com\/ca\/wp-json\/wp\/v2\/media\/14372"}],"wp:attachment":[{"href":"https:\/\/arcusin.isocialdev.com\/ca\/wp-json\/wp\/v2\/media?parent=12573"}],"wp:term":[{"taxonomy":"category","embeddable":true,"href":"https:\/\/arcusin.isocialdev.com\/ca\/wp-json\/wp\/v2\/categories?post=12573"},{"taxonomy":"post_tag","embeddable":true,"href":"https:\/\/arcusin.isocialdev.com\/ca\/wp-json\/wp\/v2\/tags?post=12573"}],"curies":[{"name":"wp","href":"https:\/\/api.w.org\/{rel}","templated":true}]}}