{"id":12571,"date":"2021-01-18T00:00:00","date_gmt":"2021-01-18T00:00:00","guid":{"rendered":"https:\/\/arcusin.isocialdev.com\/ponemos-en-marcha-un-plan-de-marketing-internacional\/"},"modified":"2023-06-01T08:14:13","modified_gmt":"2023-06-01T08:14:13","slug":"ponemos-en-marcha-un-plan-de-marketing-internacional","status":"publish","type":"post","link":"https:\/\/arcusin.isocialdev.com\/ca\/ponemos-en-marcha-un-plan-de-marketing-internacional\/","title":{"rendered":"Posem en marxa un Pla de Marketing Internacional"},"content":{"rendered":"<p>ARCUSIN ha estat benefici\u00e0ria del Fons Europeu de Desenvolupament Regional que t\u00e9 com a objectiu millorar la competitivitat de les Pymes i gr\u00e0cies al qual ha posat en marxa un Pla de M\u00e0rqueting Digital Internacional amb l&#8217;objectiu de millorar el seu posicionament en l\u00ednia en mercats exteriors durant l&#8217;any 2020-2021 . Per a aix\u00f2 ha comptat amb el suport de el Programa XPANDE DIGITAL de la Cambra de Comer\u00e7 de Lleida.<\/p>\n<p><img loading=\"lazy\" decoding=\"async\" class=\"alignnone wp-image-37448 size-full\" src=\"https:\/\/arcusin.isocialdev.com\/wp-content\/uploads\/2021\/01\/marketing-internacional.jpg\" alt=\"\" width=\"1200\" height=\"675\" srcset=\"https:\/\/arcusin.isocialdev.com\/wp-content\/uploads\/2021\/01\/marketing-internacional.jpg 1200w, https:\/\/arcusin.isocialdev.com\/wp-content\/uploads\/2021\/01\/marketing-internacional-600x338.jpg 600w, https:\/\/arcusin.isocialdev.com\/wp-content\/uploads\/2021\/01\/marketing-internacional-300x169.jpg 300w, https:\/\/arcusin.isocialdev.com\/wp-content\/uploads\/2021\/01\/marketing-internacional-1024x576.jpg 1024w, https:\/\/arcusin.isocialdev.com\/wp-content\/uploads\/2021\/01\/marketing-internacional-768x432.jpg 768w\" sizes=\"auto, (max-width: 1200px) 100vw, 1200px\" \/><\/p>\n","protected":false},"excerpt":{"rendered":"<p>ARCUSIN ha estat benefici\u00e0ria del Fons Europeu de Desenvolupament Regional que t\u00e9 com a objectiu millorar la competitivitat de les Pymes i gr\u00e0cies al qual ha posat en marxa un Pla de M\u00e0rqueting Digital Internacional amb l&#8217;objectiu de millorar el seu posicionament en l\u00ednia en mercats exteriors durant l&#8217;any 2020-2021 .<\/p>\n","protected":false},"author":156,"featured_media":0,"comment_status":"open","ping_status":"open","sticky":false,"template":"","format":"standard","meta":{"content-type":"","footnotes":""},"categories":[383,4,381],"tags":[],"class_list":["post-12571","post","type-post","status-publish","format-standard","hentry","category-exhibicions-i-esdeveniments","category-noticies-ca","category-sobre-arcussin-ca"],"_links":{"self":[{"href":"https:\/\/arcusin.isocialdev.com\/ca\/wp-json\/wp\/v2\/posts\/12571","targetHints":{"allow":["GET"]}}],"collection":[{"href":"https:\/\/arcusin.isocialdev.com\/ca\/wp-json\/wp\/v2\/posts"}],"about":[{"href":"https:\/\/arcusin.isocialdev.com\/ca\/wp-json\/wp\/v2\/types\/post"}],"author":[{"embeddable":true,"href":"https:\/\/arcusin.isocialdev.com\/ca\/wp-json\/wp\/v2\/users\/156"}],"replies":[{"embeddable":true,"href":"https:\/\/arcusin.isocialdev.com\/ca\/wp-json\/wp\/v2\/comments?post=12571"}],"version-history":[{"count":0,"href":"https:\/\/arcusin.isocialdev.com\/ca\/wp-json\/wp\/v2\/posts\/12571\/revisions"}],"wp:attachment":[{"href":"https:\/\/arcusin.isocialdev.com\/ca\/wp-json\/wp\/v2\/media?parent=12571"}],"wp:term":[{"taxonomy":"category","embeddable":true,"href":"https:\/\/arcusin.isocialdev.com\/ca\/wp-json\/wp\/v2\/categories?post=12571"},{"taxonomy":"post_tag","embeddable":true,"href":"https:\/\/arcusin.isocialdev.com\/ca\/wp-json\/wp\/v2\/tags?post=12571"}],"curies":[{"name":"wp","href":"https:\/\/api.w.org\/{rel}","templated":true}]}}