{"id":12570,"date":"2020-03-12T00:00:00","date_gmt":"2020-03-12T00:00:00","guid":{"rendered":"https:\/\/arcusin.isocialdev.com\/arcusin-en-fieragricola-verona\/"},"modified":"2023-06-01T09:24:55","modified_gmt":"2023-06-01T09:24:55","slug":"arcusin-en-fieragricola-verona","status":"publish","type":"post","link":"https:\/\/arcusin.isocialdev.com\/ca\/arcusin-en-fieragricola-verona\/","title":{"rendered":"Arcusin a Fieragricola (Verona)"},"content":{"rendered":"<p>El passat m\u00e9s de gener Arcusin va participar, per primera vegada a la seva hist\u00f2ria, a la 114 edci\u00f3n de Fieragricola a Verona. Es tracta d&#8217;una fira internacional pel sector agr\u00edcola i una de les poques fires a It\u00e0lia amb una visi\u00f3 completa de tecnologies i productes per a la ind\u00fastria. Es composa de diverses sub-fires i per tant cobreix tota l&#8217;\u00e0rea: les tecnologies agr\u00edcoles, equipament per a la ramaderia, l&#8217;agricultura de materials, energies renovables i els serveis per al sector agr\u00edcola.<\/p>\n<p>Va ser una primera presa de contacte a It\u00e0lia que ens va permetre con\u00e8ixer personalment a client i distribu\u00efdors, a m\u00e9s d&#8217;assaborir la seva fant\u00e0stica gastronomia.<\/p>\n\n","protected":false},"excerpt":{"rendered":"<p>Va ser una primera presa de contacte a It\u00e0lia que ens va permetre con\u00e8ixer personalment a client i distribu\u00efdors, a m\u00e9s d&#8217;assaborir la seva fant\u00e0stica gastronomia.<\/p>\n","protected":false},"author":156,"featured_media":0,"comment_status":"open","ping_status":"open","sticky":false,"template":"","format":"standard","meta":{"content-type":"","footnotes":""},"categories":[383,4,384],"tags":[],"class_list":["post-12570","post","type-post","status-publish","format-standard","hentry","category-exhibicions-i-esdeveniments","category-noticies-ca","category-sobre-agricultura-ca"],"_links":{"self":[{"href":"https:\/\/arcusin.isocialdev.com\/ca\/wp-json\/wp\/v2\/posts\/12570","targetHints":{"allow":["GET"]}}],"collection":[{"href":"https:\/\/arcusin.isocialdev.com\/ca\/wp-json\/wp\/v2\/posts"}],"about":[{"href":"https:\/\/arcusin.isocialdev.com\/ca\/wp-json\/wp\/v2\/types\/post"}],"author":[{"embeddable":true,"href":"https:\/\/arcusin.isocialdev.com\/ca\/wp-json\/wp\/v2\/users\/156"}],"replies":[{"embeddable":true,"href":"https:\/\/arcusin.isocialdev.com\/ca\/wp-json\/wp\/v2\/comments?post=12570"}],"version-history":[{"count":0,"href":"https:\/\/arcusin.isocialdev.com\/ca\/wp-json\/wp\/v2\/posts\/12570\/revisions"}],"wp:attachment":[{"href":"https:\/\/arcusin.isocialdev.com\/ca\/wp-json\/wp\/v2\/media?parent=12570"}],"wp:term":[{"taxonomy":"category","embeddable":true,"href":"https:\/\/arcusin.isocialdev.com\/ca\/wp-json\/wp\/v2\/categories?post=12570"},{"taxonomy":"post_tag","embeddable":true,"href":"https:\/\/arcusin.isocialdev.com\/ca\/wp-json\/wp\/v2\/tags?post=12570"}],"curies":[{"name":"wp","href":"https:\/\/api.w.org\/{rel}","templated":true}]}}