{"id":12569,"date":"2020-07-01T00:00:00","date_gmt":"2020-07-01T00:00:00","guid":{"rendered":"https:\/\/arcusin.isocialdev.com\/plan-estrategico-2020-2022\/"},"modified":"2023-06-01T08:21:30","modified_gmt":"2023-06-01T08:21:30","slug":"plan-estrategico-2020-2022","status":"publish","type":"post","link":"https:\/\/arcusin.isocialdev.com\/ca\/plan-estrategico-2020-2022\/","title":{"rendered":"PLA ESTRAT\u00c8GIC 2020-2022"},"content":{"rendered":"<p>Durant els \u00faltims mesos <strong>Arcusin<\/strong> ha estat treballant en el Pla Estrat\u00e8gic dels propers tres anys per donar un nou impuls a l&#8217;empresa.<\/p>\n<p>Amb l&#8217;arribada de la nova generaci\u00f3 es va considerar oport\u00fa replantejar-se la missi\u00f3, qu\u00e8 som ?, la visi\u00f3, qu\u00e8 volem ser ?, i tamb\u00e9 els valors que vol transmetre Arcusin, com som?<\/p>\n<p><strong>MISSI\u00d3<\/strong>: Fabricant de maquin\u00e0ria agr\u00edcola d&#8217;alta tecnologia especialitzada en el sector de la manipulaci\u00f3 de bales<\/p>\n<p><strong>VISI\u00d3<\/strong>: L\u00edders de el sector amb tecnologia innovadora i patentada<\/p>\n<p><strong>VALORS<\/strong>: \u00c0gils, Responsables, Compromesos, Estris, servicials, Innovadors, Nobles<\/p>\n<p>Replantejar totes aquestes q\u00fcestions requeria implicar a tots i cada un dels membres de l&#8217;empresa i fer una profunda revisi\u00f3 de les necessitats i dels objectius de cada departament seguint el mateix fil conductor: <strong>accelerar l&#8217;enginyeria per potenciar els mercats actuals<\/strong>.<\/p>\n<p>El resultat s\u00f3n m\u00e9s de <strong>38 projectes<\/strong> que es van presentar en una sessi\u00f3 informativa el passat 20 de desembre a la Llotja de Lleida i a la qual va assistir tot l&#8217;equip que forma ARCUSIN. Dividits en 3 grans blocs: <strong>clients i mercats<\/strong>, <strong>m\u00e0quines i serveis<\/strong> i <strong>organitzaci\u00f3 interna<\/strong>, cada departament va presentar a grans trets els seus projectes<\/p>\n<p>Per acabar la jornada amb un toc l\u00fadic, vam aprofitar per recon\u00e8ixer la tasca d&#8217;alguns dels nostres companys i es van atorgar reconeixements tan diversos com al millor &#8216;Company&#8217; al millor &#8216;Bon dia&#8217; o al &#8216;M\u00e9s treballador&#8217;.<\/p>\n","protected":false},"excerpt":{"rendered":"<p>Durant els \u00faltims mesos Arcusin ha estat treballant en el Pla Estrat\u00e8gic dels propers tres anys per donar un nou impuls a l&#8217;empresa.<\/p>\n<p>Amb l&#8217;arribada de la nova generaci\u00f3 es va considerar oport\u00fa replantejar-se la missi\u00f3, qu\u00e8 som ?, la visi\u00f3, qu\u00e8 volem ser ?, i tamb\u00e9 els valors que vol transmetre Arcusin, com som?<\/p>\n","protected":false},"author":156,"featured_media":25814,"comment_status":"open","ping_status":"open","sticky":false,"template":"","format":"standard","meta":{"content-type":"","footnotes":""},"categories":[4],"tags":[],"class_list":["post-12569","post","type-post","status-publish","format-standard","has-post-thumbnail","hentry","category-noticies-ca"],"_links":{"self":[{"href":"https:\/\/arcusin.isocialdev.com\/ca\/wp-json\/wp\/v2\/posts\/12569","targetHints":{"allow":["GET"]}}],"collection":[{"href":"https:\/\/arcusin.isocialdev.com\/ca\/wp-json\/wp\/v2\/posts"}],"about":[{"href":"https:\/\/arcusin.isocialdev.com\/ca\/wp-json\/wp\/v2\/types\/post"}],"author":[{"embeddable":true,"href":"https:\/\/arcusin.isocialdev.com\/ca\/wp-json\/wp\/v2\/users\/156"}],"replies":[{"embeddable":true,"href":"https:\/\/arcusin.isocialdev.com\/ca\/wp-json\/wp\/v2\/comments?post=12569"}],"version-history":[{"count":0,"href":"https:\/\/arcusin.isocialdev.com\/ca\/wp-json\/wp\/v2\/posts\/12569\/revisions"}],"wp:featuredmedia":[{"embeddable":true,"href":"https:\/\/arcusin.isocialdev.com\/ca\/wp-json\/wp\/v2\/media\/25814"}],"wp:attachment":[{"href":"https:\/\/arcusin.isocialdev.com\/ca\/wp-json\/wp\/v2\/media?parent=12569"}],"wp:term":[{"taxonomy":"category","embeddable":true,"href":"https:\/\/arcusin.isocialdev.com\/ca\/wp-json\/wp\/v2\/categories?post=12569"},{"taxonomy":"post_tag","embeddable":true,"href":"https:\/\/arcusin.isocialdev.com\/ca\/wp-json\/wp\/v2\/tags?post=12569"}],"curies":[{"name":"wp","href":"https:\/\/api.w.org\/{rel}","templated":true}]}}