{"id":12567,"date":"2020-03-30T00:00:00","date_gmt":"2020-03-30T00:00:00","guid":{"rendered":"https:\/\/arcusin.isocialdev.com\/nuestro-paso-por-fima-2020\/"},"modified":"2023-06-01T09:17:37","modified_gmt":"2023-06-01T09:17:37","slug":"nuestro-paso-por-fima-2020","status":"publish","type":"post","link":"https:\/\/arcusin.isocialdev.com\/ca\/nuestro-paso-por-fima-2020\/","title":{"rendered":"El nostre pas per FIMA 2020"},"content":{"rendered":"<p>Molts mesos, de vegades gaireb\u00e9 un any abans, el comentari \u00e9s: ens veiem en FIMA, en parlem a FIMA, a veure si a FIMA &#8230; I la fira va arribar. Amb tot el seu esplendor i pavellons plens a vessar de maquin\u00e0ria nova i flamant, <strong>FIMA 2020<\/strong> ens donava el bon dia el dimarts 25 de Febrer.<\/p>\n<p>A <strong>ARCUSIN<\/strong>, vam ampliar l&#8217;estand, abastant banda i banda de passad\u00eds lateral del pavell\u00f3 6 i venint amb tot: <strong>Auto<span style=\"color: #ff0000;\">Stack<\/span> FSX<\/strong> i <strong>XP<\/strong>,<strong> Multi<span style=\"color: #ff0000;\">Pack<\/span> D14<\/strong>, <strong>For<span style=\"color: #ff0000;\">Stack<\/span><\/strong>, <strong>Line<span style=\"color: #ff0000;\">Pack<\/span><\/strong>, <strong>Auto<span style=\"color: #ff0000;\">Pick<\/span> MT<\/strong> i <strong>GTI<\/strong> i l&#8217;alimentador <strong>HUSTLER<\/strong>.<\/p>\n<p>Com \u00e9s tradici\u00f3, l&#8217;<strong>Auto<span style=\"color: #ff0000;\">Stack<\/span><\/strong> va ser el m\u00e9s ovacionat, recolzat aquesta edici\u00f3 tamb\u00e9 pel nou sistema de recollida de bales <span style=\"color: #ff0000;\">FAST TRACTION PICK-UP<\/span>. Implement que per cert va servir per al\u00e7ar al palau de congressos de Saragossa el <strong>premi FIMA 2020 a la innovaci\u00f3 tecnol\u00f2gica<\/strong>. Estatueta que no per no ser la primera, deixa de recompensar el treball d&#8217;enginyers, t\u00e8cnics i tot el personal d&#8217;ARCUSIN.<\/p>\n<p><span style=\"color: #ff0000;\"><strong>FAST TRACTION<\/strong><\/span> <strong>\u00e9s un nou i evolucionat sistema de recol\u00b7lecci\u00f3 de les paques testat en les paques m\u00e9s pesades de farratge i alfals amb un excel\u00b7lent resultat en recol\u00b7lecci\u00f3 \/ absorci\u00f3 del producte<\/strong>. Aconsegueix no arrossegar la paca gr\u00e0cies a l&#8217;aixecament de la mateixa. Respecta tota la integritat del producte (especialment en paquets agrupats i alfals) i permet a la boca treballar m\u00e9s r\u00e0pid i a m\u00e9s al\u00e7ada.<\/p>\n<p>Molt ben rebut va ser tamb\u00e9 el nou agrupador de paques petites <strong>Multi<span style=\"color: #ff0000;\">Pack<\/span> D14<\/strong> amb la <strong>boca recol\u00b7lectora en el costat dret<\/strong> de la marxa. Proposta hist\u00f2rica que s&#8217;ha aconseguit en gran part a la feina dels premiats en aquesta edici\u00f3 de FIMA i la insist\u00e8ncia dels nostres millors consellers, els nostres clients!<\/p>\n<p>I ja per concloure el resum del que va ser FIMA 2020, destacar la <strong>gran aflu\u00e8ncia de p\u00fablic i inter\u00e8s general d&#8217;aquest sector que malgrat les grans dificultats no para de cr\u00e9ixer i avan\u00e7ar<\/strong>, i \u00e9s per aquest motiu precisament que aquesta fira \u00e9s un excel\u00b7lent punt de trobada agrari i el m\u00e9s important sense dubte el sud d&#8217;Europa.<\/p>\n<p>&nbsp;<\/p>\n","protected":false},"excerpt":{"rendered":"<p>Molts mesos, de vegades gaireb\u00e9 un any abans, el comentari \u00e9s: ens veiem en FIMA, en parlem a FIMA, a veure si a FIMA &#8230; I la fira va arribar. Amb tot el seu esplendor i pavellons plens a vessar de maquin\u00e0ria nova i flamant, FIMA 2020 ens donava el bon dia el dimarts 25 de Febrer.<\/p>\n","protected":false},"author":156,"featured_media":25911,"comment_status":"open","ping_status":"open","sticky":false,"template":"","format":"standard","meta":{"content-type":"","footnotes":""},"categories":[383,4],"tags":[],"class_list":["post-12567","post","type-post","status-publish","format-standard","has-post-thumbnail","hentry","category-exhibicions-i-esdeveniments","category-noticies-ca"],"_links":{"self":[{"href":"https:\/\/arcusin.isocialdev.com\/ca\/wp-json\/wp\/v2\/posts\/12567","targetHints":{"allow":["GET"]}}],"collection":[{"href":"https:\/\/arcusin.isocialdev.com\/ca\/wp-json\/wp\/v2\/posts"}],"about":[{"href":"https:\/\/arcusin.isocialdev.com\/ca\/wp-json\/wp\/v2\/types\/post"}],"author":[{"embeddable":true,"href":"https:\/\/arcusin.isocialdev.com\/ca\/wp-json\/wp\/v2\/users\/156"}],"replies":[{"embeddable":true,"href":"https:\/\/arcusin.isocialdev.com\/ca\/wp-json\/wp\/v2\/comments?post=12567"}],"version-history":[{"count":0,"href":"https:\/\/arcusin.isocialdev.com\/ca\/wp-json\/wp\/v2\/posts\/12567\/revisions"}],"wp:featuredmedia":[{"embeddable":true,"href":"https:\/\/arcusin.isocialdev.com\/ca\/wp-json\/wp\/v2\/media\/25911"}],"wp:attachment":[{"href":"https:\/\/arcusin.isocialdev.com\/ca\/wp-json\/wp\/v2\/media?parent=12567"}],"wp:term":[{"taxonomy":"category","embeddable":true,"href":"https:\/\/arcusin.isocialdev.com\/ca\/wp-json\/wp\/v2\/categories?post=12567"},{"taxonomy":"post_tag","embeddable":true,"href":"https:\/\/arcusin.isocialdev.com\/ca\/wp-json\/wp\/v2\/tags?post=12567"}],"curies":[{"name":"wp","href":"https:\/\/api.w.org\/{rel}","templated":true}]}}