{"id":12564,"date":"2019-07-16T00:00:00","date_gmt":"2019-07-16T00:00:00","guid":{"rendered":"https:\/\/arcusin.isocialdev.com\/nuestro-paso-por-demoagro-2019\/"},"modified":"2023-06-01T09:38:48","modified_gmt":"2023-06-01T09:38:48","slug":"nuestro-paso-por-demoagro-2019","status":"publish","type":"post","link":"https:\/\/arcusin.isocialdev.com\/ca\/nuestro-paso-por-demoagro-2019\/","title":{"rendered":"El nostre pas per DEMOAGRO"},"content":{"rendered":"<p><b>Demoagro 2019<\/b><span style=\"font-weight: 400;\"> va celebrar del 21 al 23 de maig la seva IV edici\u00f3 a terres aragoneses, concretament a La Finca Castell d\u2019 Orus, a escassos\u00a0 kil\u00f2metres de Huesca capital. Un paratge immillorable que va complir amb tots els requisits demandats per a que les demostracions de les m\u00e0quines i equips llu\u00efssin els seus millors quefers.<\/span><\/p>\n<p><b>Cal destacar la gran organitzaci\u00f3 i tasca duta a terme per tot l&#8217;equip de ANSEMAT liderat per Victoria Ruiz, principal responsable de l&#8217;esdeveniment.<\/b><\/p>\n<p><b>ARCUSIN <\/b><span style=\"font-weight: 400;\">comptava amb una parcel\u00b7la de m\u00e9s de 8.000 metres situada al costat de l&#8217;entrada principal del recinte. Una representaci\u00f3 de tots els equips per a la manipulaci\u00f3 de bales prism\u00e0tiques de palla i farratges empacats en les seves diferents mides van estar presents i a disposici\u00f3 de tots els interessats que van voler comprovar i provar in situ el bon funcionament de les m\u00e0quines.<\/span><\/p>\n<p><span style=\"font-weight: 400;\">Els Remolcs Autocarregadors <\/span><b>Autostack<\/b><span style=\"font-weight: 400;\">, l\u2019 Acumulador <\/span><b>ForStack<\/b><span style=\"font-weight: 400;\">, l\u2019 Agrupador de bales petites <\/span><b>Multipack<\/b><span style=\"font-weight: 400;\"> i l\u2019 Alineador frontal <\/span><b>LinePack<\/b><span style=\"font-weight: 400;\">, van ser una vegada m\u00e9s la carta de presentaci\u00f3 de l&#8217;empresa.<\/span><\/p>\n<p><span style=\"font-weight: 400;\">Com a novetat destaca la presentaci\u00f3 en societat del nou Agrupador de Bales Petites <\/span><b>Multipack C14 +<\/b><span style=\"font-weight: 400;\"> , el qual <\/span><b>incorpora tota l&#8217;experi\u00e8ncia adquirida durant els 25 anys<\/b><span style=\"font-weight: 400;\"> des de\u00a0 l&#8217;aparici\u00f3 del primer model A14, aix\u00ed com una <\/span><b>nova imatge m\u00e9s jove i din\u00e0mica<\/b><span style=\"font-weight: 400;\">.<\/span><\/p>\n<p><span style=\"font-weight: 400;\">Un altre dels punts destacats va ser el <\/span><b>concurs<\/b><span style=\"font-weight: 400;\"> que ARCUSIN va organitzar durant el certamen <\/span><b>avaluant la per\u00edcia i destresa en la conducci\u00f3 de l&#8217;Acumulador ForStack<\/b><span style=\"font-weight: 400;\">. Els concursants havien d\u2019 acumular dues piles de 4 bales en el menor temps possible. El guanyador, amb un temps de 00:56 &#8221; va poder triar com a premi entre un viatge de 4 dies a una capital europea o b\u00e9 un Alineador frontal LinePack.<\/span><\/p>\n<p><span style=\"font-weight: 400;\">Durant els tres dies el sol va lluir amb ganes, col\u00b7laborant per a que aquesta gran festa de la maquin\u00e0ria agr\u00edcola fos un \u00e8xit i els m\u00e9s de 22.000 assistents poguessin gaudir al complert de totes les novetats del sector.<\/span><\/p>\n","protected":false},"excerpt":{"rendered":"<p>Demoagro 2019 va celebrar del 21 al 23 de maig la seva IV edici\u00f3 a terres aragoneses, concretament a La Finca Castell d\u2019 Orus, a escassos\u00a0 kil\u00f2metres de Huesca capital. Un paratge immillorable que va complir amb tots els requisits demandats per a que les demostracions de les m\u00e0quines i equips llu\u00efssin els seus millors quefers.<\/p>\n","protected":false},"author":156,"featured_media":26034,"comment_status":"open","ping_status":"open","sticky":false,"template":"","format":"standard","meta":{"content-type":"","footnotes":""},"categories":[383,4,384],"tags":[],"class_list":["post-12564","post","type-post","status-publish","format-standard","has-post-thumbnail","hentry","category-exhibicions-i-esdeveniments","category-noticies-ca","category-sobre-agricultura-ca"],"_links":{"self":[{"href":"https:\/\/arcusin.isocialdev.com\/ca\/wp-json\/wp\/v2\/posts\/12564","targetHints":{"allow":["GET"]}}],"collection":[{"href":"https:\/\/arcusin.isocialdev.com\/ca\/wp-json\/wp\/v2\/posts"}],"about":[{"href":"https:\/\/arcusin.isocialdev.com\/ca\/wp-json\/wp\/v2\/types\/post"}],"author":[{"embeddable":true,"href":"https:\/\/arcusin.isocialdev.com\/ca\/wp-json\/wp\/v2\/users\/156"}],"replies":[{"embeddable":true,"href":"https:\/\/arcusin.isocialdev.com\/ca\/wp-json\/wp\/v2\/comments?post=12564"}],"version-history":[{"count":0,"href":"https:\/\/arcusin.isocialdev.com\/ca\/wp-json\/wp\/v2\/posts\/12564\/revisions"}],"wp:featuredmedia":[{"embeddable":true,"href":"https:\/\/arcusin.isocialdev.com\/ca\/wp-json\/wp\/v2\/media\/26034"}],"wp:attachment":[{"href":"https:\/\/arcusin.isocialdev.com\/ca\/wp-json\/wp\/v2\/media?parent=12564"}],"wp:term":[{"taxonomy":"category","embeddable":true,"href":"https:\/\/arcusin.isocialdev.com\/ca\/wp-json\/wp\/v2\/categories?post=12564"},{"taxonomy":"post_tag","embeddable":true,"href":"https:\/\/arcusin.isocialdev.com\/ca\/wp-json\/wp\/v2\/tags?post=12564"}],"curies":[{"name":"wp","href":"https:\/\/api.w.org\/{rel}","templated":true}]}}