{"id":12562,"date":"2019-03-14T00:00:00","date_gmt":"2019-03-14T00:00:00","guid":{"rendered":"https:\/\/arcusin.isocialdev.com\/sima-2019\/"},"modified":"2023-06-01T09:52:59","modified_gmt":"2023-06-01T09:52:59","slug":"sima-2019","status":"publish","type":"post","link":"https:\/\/arcusin.isocialdev.com\/ca\/sima-2019\/","title":{"rendered":"SIMA 2019"},"content":{"rendered":"<p>Durant els passats<strong> 24 a 28 de febrer<\/strong> va tenir de nou lloc a Villepinte, Par\u00eds, una edici\u00f3 m\u00e9s de la <strong>SIMA<\/strong>, la <strong>fira de maquin\u00e0ria agr\u00edcola m\u00e9s important de Fran\u00e7a<\/strong>. Arcusin va tornar a estar present amb un estand, com ja \u00e9s habitual, en aquest esdeveniment en el qual es reuneixen les principals marques del sector per presentar les seves novetats amb vista a la ja imminent campanya.<\/p>\n<p>Durant els 5 dies de fira, Arcusin va tenir l&#8217;oportunitat de saludar nombrosos clients i amics, aix\u00ed com refermar la seva \u00e0mplia pres\u00e8ncia al mercat gal.<\/p>\n<p><strong>En aquesta edici\u00f3 vam presentar de forma exclusiva l&#8217;\u00faltim model de agrupador de paques petites, el Multipack C14 +, coincidint amb el 25 aniversari del desenvolupament del primer model, el revolucionari Multipack A-14.<\/strong><\/p>\n<p>Com molts clients ens van fer saber, l&#8217;agrupador va tenir un gran impacte en els seus negocis i va marcar un abans i un despr\u00e9s en la manipulaci\u00f3 mec\u00e0nica de les bales petites.<\/p>\n","protected":false},"excerpt":{"rendered":"<p>Durant els passats 24 a 28 de febrer va tenir de nou lloc a Villepinte, Par\u00eds, una edici\u00f3 m\u00e9s de la SIMA, la fira de maquin\u00e0ria agr\u00edcola m\u00e9s important de Fran\u00e7a. Arcusin va tornar a estar present amb un estand, com ja \u00e9s habitual, en aquest esdeveniment en el qual es reuneixen les principals marques del sector per presentar les seves novetats amb vista a la ja imminent campanya.<\/p>\n","protected":false},"author":156,"featured_media":26099,"comment_status":"open","ping_status":"open","sticky":false,"template":"","format":"standard","meta":{"content-type":"","footnotes":""},"categories":[383,4],"tags":[],"class_list":["post-12562","post","type-post","status-publish","format-standard","has-post-thumbnail","hentry","category-exhibicions-i-esdeveniments","category-noticies-ca"],"_links":{"self":[{"href":"https:\/\/arcusin.isocialdev.com\/ca\/wp-json\/wp\/v2\/posts\/12562","targetHints":{"allow":["GET"]}}],"collection":[{"href":"https:\/\/arcusin.isocialdev.com\/ca\/wp-json\/wp\/v2\/posts"}],"about":[{"href":"https:\/\/arcusin.isocialdev.com\/ca\/wp-json\/wp\/v2\/types\/post"}],"author":[{"embeddable":true,"href":"https:\/\/arcusin.isocialdev.com\/ca\/wp-json\/wp\/v2\/users\/156"}],"replies":[{"embeddable":true,"href":"https:\/\/arcusin.isocialdev.com\/ca\/wp-json\/wp\/v2\/comments?post=12562"}],"version-history":[{"count":0,"href":"https:\/\/arcusin.isocialdev.com\/ca\/wp-json\/wp\/v2\/posts\/12562\/revisions"}],"wp:featuredmedia":[{"embeddable":true,"href":"https:\/\/arcusin.isocialdev.com\/ca\/wp-json\/wp\/v2\/media\/26099"}],"wp:attachment":[{"href":"https:\/\/arcusin.isocialdev.com\/ca\/wp-json\/wp\/v2\/media?parent=12562"}],"wp:term":[{"taxonomy":"category","embeddable":true,"href":"https:\/\/arcusin.isocialdev.com\/ca\/wp-json\/wp\/v2\/categories?post=12562"},{"taxonomy":"post_tag","embeddable":true,"href":"https:\/\/arcusin.isocialdev.com\/ca\/wp-json\/wp\/v2\/tags?post=12562"}],"curies":[{"name":"wp","href":"https:\/\/api.w.org\/{rel}","templated":true}]}}