{"id":12561,"date":"2019-05-10T00:00:00","date_gmt":"2019-05-10T00:00:00","guid":{"rendered":"https:\/\/arcusin.isocialdev.com\/demoagro-2019-iniciamos-la-1ra-competicion-forstack-participa\/"},"modified":"2023-06-01T09:44:09","modified_gmt":"2023-06-01T09:44:09","slug":"demoagro-2019-iniciamos-la-1ra-competicion-forstack-participa","status":"publish","type":"post","link":"https:\/\/arcusin.isocialdev.com\/ca\/demoagro-2019-iniciamos-la-1ra-competicion-forstack-participa\/","title":{"rendered":"Demoagro 2019 &#8211; Iniciem la 1ra Competici\u00f3 ForStack&#8230; Participa!"},"content":{"rendered":"<p style=\"text-align: center;\">Aquest any a Demoagro 2019, com a novetat que no pots perdre&#8217;t, iniciem la 1ra\u00a0Competici\u00f3 ForStack<\/p>\n<h3 style=\"text-align: center;\"><strong>GUANYA UN VIATGE PER A 2 o UN LINEPACK PARTICIPANT A LA NOSTRA COMPETICI\u00d3!<\/strong><\/h3>\n<p><img loading=\"lazy\" decoding=\"async\" class=\"size-full wp-image-26055 aligncenter\" src=\"https:\/\/arcusin.isocialdev.com\/wp-content\/uploads\/2019\/05\/201905_premios-800x205-1.jpg\" alt=\"\" width=\"800\" height=\"205\" srcset=\"https:\/\/arcusin.isocialdev.com\/wp-content\/uploads\/2019\/05\/201905_premios-800x205-1.jpg 800w, https:\/\/arcusin.isocialdev.com\/wp-content\/uploads\/2019\/05\/201905_premios-800x205-1-600x154.jpg 600w, https:\/\/arcusin.isocialdev.com\/wp-content\/uploads\/2019\/05\/201905_premios-800x205-1-300x77.jpg 300w, https:\/\/arcusin.isocialdev.com\/wp-content\/uploads\/2019\/05\/201905_premios-800x205-1-768x197.jpg 768w\" sizes=\"auto, (max-width: 800px) 100vw, 800px\" \/><\/p>\n<h2 style=\"text-align: center;\"><strong>PER A GUANYAR, HAS DE SER EL M\u00c9S R\u00c0PID&#8230;<\/strong><\/h2>\n<p><img loading=\"lazy\" decoding=\"async\" class=\"size-full wp-image-26063 aligncenter\" src=\"https:\/\/arcusin.isocialdev.com\/wp-content\/uploads\/2019\/05\/201905_Condiciones-Competicion-ForStack-800x284-1.jpg\" alt=\"\" width=\"800\" height=\"284\" srcset=\"https:\/\/arcusin.isocialdev.com\/wp-content\/uploads\/2019\/05\/201905_Condiciones-Competicion-ForStack-800x284-1.jpg 800w, https:\/\/arcusin.isocialdev.com\/wp-content\/uploads\/2019\/05\/201905_Condiciones-Competicion-ForStack-800x284-1-600x213.jpg 600w, https:\/\/arcusin.isocialdev.com\/wp-content\/uploads\/2019\/05\/201905_Condiciones-Competicion-ForStack-800x284-1-300x107.jpg 300w, https:\/\/arcusin.isocialdev.com\/wp-content\/uploads\/2019\/05\/201905_Condiciones-Competicion-ForStack-800x284-1-768x273.jpg 768w\" sizes=\"auto, (max-width: 800px) 100vw, 800px\" \/><\/p>\n<p>&nbsp;<\/p>\n<h2 style=\"text-align: center;\">Creus que pots ser el m\u00e9s r\u00e0pid dominant el ForStack?<\/h2>\n<h2 style=\"text-align: center;\"><strong>Aquesta es la teva competici\u00f3!<\/strong><\/h2>\n<h3 style=\"text-align: center;\">T&#8217;esperem a la parcel\u00b7la R1<\/h3>\n<p>&nbsp;<\/p>\n<p><img loading=\"lazy\" decoding=\"async\" class=\"size-full wp-image-26071 aligncenter\" src=\"https:\/\/arcusin.isocialdev.com\/wp-content\/uploads\/2019\/05\/201905_plano-ubicacion-800x667-1.jpg\" alt=\"\" width=\"800\" height=\"667\" srcset=\"https:\/\/arcusin.isocialdev.com\/wp-content\/uploads\/2019\/05\/201905_plano-ubicacion-800x667-1.jpg 800w, https:\/\/arcusin.isocialdev.com\/wp-content\/uploads\/2019\/05\/201905_plano-ubicacion-800x667-1-600x500.jpg 600w, https:\/\/arcusin.isocialdev.com\/wp-content\/uploads\/2019\/05\/201905_plano-ubicacion-800x667-1-300x250.jpg 300w, https:\/\/arcusin.isocialdev.com\/wp-content\/uploads\/2019\/05\/201905_plano-ubicacion-800x667-1-768x640.jpg 768w\" sizes=\"auto, (max-width: 800px) 100vw, 800px\" \/><\/p>\n<hr \/>\n<p><strong>Detalls de la competici\u00f3:<\/strong><\/p>\n<ol>\n<li>Arcusin es el responsable de facilitar la maquinaria per fer la competici\u00f3 (tractor + ForStack).<\/li>\n<li>La competici\u00f3 es realitzar\u00e0 cada dia dins l&#8217;horari de l&#8217;esdeveniment durant els 3 dies de Demoagro. 21, 22 i 23 de maig de 9 a 19h.<\/li>\n<li>La inscripci\u00f3 a la competici\u00f3 es far\u00e0 a la parcel\u00b7la de ARCUSIN (R1) a Demoagro. Preguntar a l&#8217;equip Arcusin present a l&#8217;esdeveniment, ells lliuraran a l&#8217;interessat\/da a participar el full per a la inscripci\u00f3 i l&#8217;horari d&#8217;aquesta.<\/li>\n<li>Els clients\/conductors que ja disposen d&#8217;un ForStack podran participar per\u00f2, per no jugar amb avantatge, es descomptar\u00e0 un temps calculat i acordat per la direcci\u00f3 d&#8217;Arcusin.<\/li>\n<li>Es realitzaran 3 piles per participant; la primera pila no entra en la competici\u00f3 ja que ser\u00e0 de formaci\u00f3 acompanyat d&#8217;un t\u00e8cnic Arcusin. Les dues seg\u00fcents piles les realitzar\u00e0 el participant sense ajuda, aquestes dues seran les que es cronometraran i entraran en competici\u00f3.<\/li>\n<li>Les desc\u00e0rregues de l&#8217;acumulador seran en mode DISPERS.<\/li>\n<li>L&#8217;equip d&#8217;Arcusin ser\u00e0 el responsable de cronometrar el temps i registrar-lo.<\/li>\n<li>A \u00faltima hora del 3r i \u00faltim dia de l&#8217;esdeveniment es compararan els temps de tots els participants. El menor temps en realitzar les dues piles ser\u00e0 el guanyador.<\/li>\n<li>S&#8217;informar\u00e0 \/ contactar\u00e0 al guanyador per tel\u00e8fon, facilitat en el moment de la inscripci\u00f3. En cas de no aconseguir contactar amb el guanyador durant els seg\u00fcents 30 dies, el t\u00edtol de guanyador passar\u00e0 al segon millor temps. Si tampoc s&#8217;aconsegu\u00eds contactar amb el segon millor temps passats els seg\u00fcents 15 dies, la competici\u00f3 quedar\u00e0 deserta.<\/li>\n<li>El guanyador podr\u00e0 escollir entre dos premis: un viatge per a dues persones o un alineador de bales multifunci\u00f3 LinePack &#8211; Arcusin.<\/li>\n<li>Viatge per a dues persones (hotel + vol): destinaci\u00f3 a escollir entre Roma, Par\u00eds o Tenerife. La durada del viatge ser\u00e0 de 4 dies \/ 3 nits. Es podran escollir els dies per viatjar a partir de setembre de 2019. El premi caduca el 20 de desembre de el 2019.<\/li>\n<li>Arcusin S.A. es reserva el dret a modificar les presents condicions comunicant p\u00fablicament a trav\u00e9s de la seva web o in situ als participants de l&#8217;esdeveniment.<\/li>\n<li>Arcusin S.A. es reserva el dret d&#8217;admissi\u00f3.<\/li>\n<\/ol>\n","protected":false},"excerpt":{"rendered":"<p>Arcusin es el responsable de facilitar la maquinaria per fer la competici\u00f3 (tractor + ForStack).<br \/>\nLa competici\u00f3 es realitzar\u00e0 cada dia dins l&#8217;horari de l&#8217;esdeveniment durant els 3 dies de Demoagro. 21, 22 i 23 de maig de 9 a 19h.<\/p>\n","protected":false},"author":156,"featured_media":26079,"comment_status":"open","ping_status":"open","sticky":false,"template":"","format":"standard","meta":{"content-type":"","footnotes":""},"categories":[383,4],"tags":[],"class_list":["post-12561","post","type-post","status-publish","format-standard","has-post-thumbnail","hentry","category-exhibicions-i-esdeveniments","category-noticies-ca"],"_links":{"self":[{"href":"https:\/\/arcusin.isocialdev.com\/ca\/wp-json\/wp\/v2\/posts\/12561","targetHints":{"allow":["GET"]}}],"collection":[{"href":"https:\/\/arcusin.isocialdev.com\/ca\/wp-json\/wp\/v2\/posts"}],"about":[{"href":"https:\/\/arcusin.isocialdev.com\/ca\/wp-json\/wp\/v2\/types\/post"}],"author":[{"embeddable":true,"href":"https:\/\/arcusin.isocialdev.com\/ca\/wp-json\/wp\/v2\/users\/156"}],"replies":[{"embeddable":true,"href":"https:\/\/arcusin.isocialdev.com\/ca\/wp-json\/wp\/v2\/comments?post=12561"}],"version-history":[{"count":0,"href":"https:\/\/arcusin.isocialdev.com\/ca\/wp-json\/wp\/v2\/posts\/12561\/revisions"}],"wp:featuredmedia":[{"embeddable":true,"href":"https:\/\/arcusin.isocialdev.com\/ca\/wp-json\/wp\/v2\/media\/26079"}],"wp:attachment":[{"href":"https:\/\/arcusin.isocialdev.com\/ca\/wp-json\/wp\/v2\/media?parent=12561"}],"wp:term":[{"taxonomy":"category","embeddable":true,"href":"https:\/\/arcusin.isocialdev.com\/ca\/wp-json\/wp\/v2\/categories?post=12561"},{"taxonomy":"post_tag","embeddable":true,"href":"https:\/\/arcusin.isocialdev.com\/ca\/wp-json\/wp\/v2\/tags?post=12561"}],"curies":[{"name":"wp","href":"https:\/\/api.w.org\/{rel}","templated":true}]}}