{"id":12560,"date":"2019-02-26T00:00:00","date_gmt":"2019-02-26T00:00:00","guid":{"rendered":"https:\/\/arcusin.isocialdev.com\/facilitando-la-recogida-de-pacas-generacion-tras-generacion\/"},"modified":"2023-06-01T10:00:17","modified_gmt":"2023-06-01T10:00:17","slug":"facilitando-la-recogida-de-pacas-generacion-tras-generacion","status":"publish","type":"post","link":"https:\/\/arcusin.isocialdev.com\/ca\/facilitando-la-recogida-de-pacas-generacion-tras-generacion\/","title":{"rendered":"Facilitant la recollida de paques generaci\u00f3 rere generaci\u00f3"},"content":{"rendered":"<p><strong>Manuel Cusin\u00e9<\/strong>, president d\u2019Arcusin, amb una experi\u00e8ncia en la manipulaci\u00f3 de bales petites de m\u00e9s de 50 anys, va ser l\u2019inventor del primer model MultiPack, que avui celebra el seu 25 aniversari.<\/p>\n<p>La celebraci\u00f3 coincideix amb l\u2019<strong>incorporaci\u00f3 de la tercera generaci\u00f3<\/strong> en el grup familiar: Manu, Blanca i Ferran.<\/p>\n<p>El nou <strong>MultiPack C14+ representa un salt cap el futur<\/strong>, un futur ple d\u2019il\u00b7lusi\u00f3 i noves idees que esperen poder compartir amb tots vost\u00e8s.<\/p>\n<p>Generaci\u00f3 rere generaci\u00f3 s\u2019ha anat desenvolupant i evolucionant la m\u00e0quina, posicionant-se com <strong>l\u00edder mundial en la recollida i agrupament de paquets petits<\/strong>.<\/p>\n","protected":false},"excerpt":{"rendered":"<p>Manuel Cusin\u00e9, president d\u2019Arcusin, amb una experi\u00e8ncia en la manipulaci\u00f3 de bales petites de m\u00e9s de 50 anys, va ser l\u2019inventor del primer model MultiPack, que avui celebra el seu 25 aniversari.<\/p>\n","protected":false},"author":156,"featured_media":26117,"comment_status":"open","ping_status":"open","sticky":false,"template":"","format":"standard","meta":{"content-type":"","footnotes":""},"categories":[4,384,381,382],"tags":[],"class_list":["post-12560","post","type-post","status-publish","format-standard","has-post-thumbnail","hentry","category-noticies-ca","category-sobre-agricultura-ca","category-sobre-arcussin-ca","category-sobre-les-nostres-maquines"],"_links":{"self":[{"href":"https:\/\/arcusin.isocialdev.com\/ca\/wp-json\/wp\/v2\/posts\/12560","targetHints":{"allow":["GET"]}}],"collection":[{"href":"https:\/\/arcusin.isocialdev.com\/ca\/wp-json\/wp\/v2\/posts"}],"about":[{"href":"https:\/\/arcusin.isocialdev.com\/ca\/wp-json\/wp\/v2\/types\/post"}],"author":[{"embeddable":true,"href":"https:\/\/arcusin.isocialdev.com\/ca\/wp-json\/wp\/v2\/users\/156"}],"replies":[{"embeddable":true,"href":"https:\/\/arcusin.isocialdev.com\/ca\/wp-json\/wp\/v2\/comments?post=12560"}],"version-history":[{"count":0,"href":"https:\/\/arcusin.isocialdev.com\/ca\/wp-json\/wp\/v2\/posts\/12560\/revisions"}],"wp:featuredmedia":[{"embeddable":true,"href":"https:\/\/arcusin.isocialdev.com\/ca\/wp-json\/wp\/v2\/media\/26117"}],"wp:attachment":[{"href":"https:\/\/arcusin.isocialdev.com\/ca\/wp-json\/wp\/v2\/media?parent=12560"}],"wp:term":[{"taxonomy":"category","embeddable":true,"href":"https:\/\/arcusin.isocialdev.com\/ca\/wp-json\/wp\/v2\/categories?post=12560"},{"taxonomy":"post_tag","embeddable":true,"href":"https:\/\/arcusin.isocialdev.com\/ca\/wp-json\/wp\/v2\/tags?post=12560"}],"curies":[{"name":"wp","href":"https:\/\/api.w.org\/{rel}","templated":true}]}}