{"id":12559,"date":"2018-12-21T00:00:00","date_gmt":"2018-12-21T00:00:00","guid":{"rendered":"https:\/\/arcusin.isocialdev.com\/arcusin-rep-visitants-de-dinamarca\/"},"modified":"2023-06-01T10:05:15","modified_gmt":"2023-06-01T10:05:15","slug":"arcusin-rep-visitants-de-dinamarca","status":"publish","type":"post","link":"https:\/\/arcusin.isocialdev.com\/ca\/arcusin-rep-visitants-de-dinamarca\/","title":{"rendered":"Arcusin rep visitants de Dinamarca"},"content":{"rendered":"<p><span style=\"font-weight: 400;\">El nostre distribu\u00efdor a Dinamarca, Thomas Birkballe, va visitar <strong>Arcusin<\/strong> el passat 24 d&#8217;octubre amb alguns clients i 3 periodistes agr\u00edcoles.<\/span><\/p>\n<p><span style=\"font-weight: 400;\">Durant la seva visita a la f\u00e0brica, van con\u00e8ixer al nostre equip. Des d\u2019<strong>Arcusin<\/strong> ens encanta rebre visites dels nostres distribu\u00efdors i clients, \u00e9s una excel\u00b7lent manera de con\u00e8ixer-nos. Els periodistes van tenir l&#8217;oportunitat de preguntar, fer fotos i molts v\u00eddeos. La veritat \u00e9s que<strong> es van quedar impressionats amb les nostres instal\u00b7lacions<\/strong>. A m\u00e9s, es va realitzar una entrevista completa a la Maria Ortiz, directora d&#8217;exportaci\u00f3 (v\u00eddeo disponible a Facebook).<\/span><\/p>\n<p><span style=\"font-weight: 400;\">Despr\u00e9s d&#8217;un t\u00edpic dinar espanyol, es va dur a terme una demostraci\u00f3 del <strong>Forstack<\/strong> al camp.<strong> Tots es van quedar impressionats amb la feina que pot fer la m\u00e0quina<\/strong>. Un dels clients, que ja disposa d&#8217;un <strong>autostack FSX<\/strong>, va decidir gr\u00e0cies a la demostraci\u00f3 ampliar el seu parc de maquin\u00e0ria amb un <strong>Forstack<\/strong>, el primer a Dinamarca i Escandin\u00e0via.<\/span><\/p>\n<p><span style=\"font-weight: 400;\">A la tarda vam aprofitar per visitar la Seu Vella, catedral d&#8217;estil rom\u00e0nic de Lleida, des d&#8217;on vam gaudir d&#8217;unes precioses vistes de la ciutat, mentre degust\u00e0vam unes t\u00edpiques tapes espanyoles amb un bon vi.<\/span><\/p>\n<p><span style=\"font-weight: 400;\">L&#8217;acumulador de bales <strong>Forstack<\/strong> i un remolc autocarregador <strong>autostack FSX<\/strong>\u00a0estar\u00e0 exposat a <a href=\"http:\/\/www.agromek.com\/\" target=\"_blank\" rel=\"noopener\">Agromek<\/a>, Herning del 27 al 30 de novembre a Dinamarca.<\/span><\/p>\n<p><span style=\"font-weight: 400;\">Thomas Birkballe representar\u00e0 a<strong> Arcusin<\/strong> acompanyat del nostre commercial Jeroen Moleman al Hall M &#8211; 9710.<\/span><\/p>\n<p>&nbsp;<\/p>\n\n","protected":false},"excerpt":{"rendered":"<p>Despr\u00e9s d&#8217;un t\u00edpic dinar espanyol, es va dur a terme una demostraci\u00f3 del Forstack al camp. Tots es van quedar impressionats amb la feina que pot fer la m\u00e0quina. Un dels clients, que ja disposa d&#8217;un autostack FSX, va decidir gr\u00e0cies a la demostraci\u00f3 ampliar el seu parc de maquin\u00e0ria amb un Forstack, el primer a Dinamarca i Escandin\u00e0via.<\/p>\n","protected":false},"author":156,"featured_media":0,"comment_status":"open","ping_status":"open","sticky":false,"template":"","format":"standard","meta":{"content-type":"","footnotes":""},"categories":[4,384],"tags":[],"class_list":["post-12559","post","type-post","status-publish","format-standard","hentry","category-noticies-ca","category-sobre-agricultura-ca"],"_links":{"self":[{"href":"https:\/\/arcusin.isocialdev.com\/ca\/wp-json\/wp\/v2\/posts\/12559","targetHints":{"allow":["GET"]}}],"collection":[{"href":"https:\/\/arcusin.isocialdev.com\/ca\/wp-json\/wp\/v2\/posts"}],"about":[{"href":"https:\/\/arcusin.isocialdev.com\/ca\/wp-json\/wp\/v2\/types\/post"}],"author":[{"embeddable":true,"href":"https:\/\/arcusin.isocialdev.com\/ca\/wp-json\/wp\/v2\/users\/156"}],"replies":[{"embeddable":true,"href":"https:\/\/arcusin.isocialdev.com\/ca\/wp-json\/wp\/v2\/comments?post=12559"}],"version-history":[{"count":0,"href":"https:\/\/arcusin.isocialdev.com\/ca\/wp-json\/wp\/v2\/posts\/12559\/revisions"}],"wp:attachment":[{"href":"https:\/\/arcusin.isocialdev.com\/ca\/wp-json\/wp\/v2\/media?parent=12559"}],"wp:term":[{"taxonomy":"category","embeddable":true,"href":"https:\/\/arcusin.isocialdev.com\/ca\/wp-json\/wp\/v2\/categories?post=12559"},{"taxonomy":"post_tag","embeddable":true,"href":"https:\/\/arcusin.isocialdev.com\/ca\/wp-json\/wp\/v2\/tags?post=12559"}],"curies":[{"name":"wp","href":"https:\/\/api.w.org\/{rel}","templated":true}]}}