{"id":12558,"date":"2018-11-05T00:00:00","date_gmt":"2018-11-05T00:00:00","guid":{"rendered":"https:\/\/arcusin.isocialdev.com\/matricula-ja-les-teves-maquines-remolcades-abans-de-que-sigui-tard\/"},"modified":"2023-06-01T10:08:50","modified_gmt":"2023-06-01T10:08:50","slug":"matricula-ja-les-teves-maquines-remolcades-abans-de-que-sigui-tard","status":"publish","type":"post","link":"https:\/\/arcusin.isocialdev.com\/ca\/matricula-ja-les-teves-maquines-remolcades-abans-de-que-sigui-tard\/","title":{"rendered":"Matricula ja les teves m\u00e0quines remolcades abans de que sigui tard!"},"content":{"rendered":"<h2>AGRICULTOR! \u00c9S EL MOMENT DE MATRICULAR LES TEVES M\u00c0QUINES REMOLCADES, DESPR\u00c9S NO PODR\u00c0S FER-HO!<\/h2>\n<p>El dia\u00a0<strong>1 de gener de 2019<\/strong> s&#8217;aplicaran els nous requisits d&#8217;homologaci\u00f3 del <strong>Reglament Europeu 167\/2013<\/strong> que s\u00f3n aplicables a l&#8217;homologaci\u00f3 de remolcs i m\u00e0quines remolcades a Espanya.<\/p>\n<h3><span style=\"color: #ff0000;\">ES RECOMANA LA MATRICULACI\u00d3 ABANS DEL 31 DE DESEMBRE DE 2018 DE TOTS ELS VEHICLES AGR\u00cdCOLES REMOLCATS PROVE\u00cfTS DE DOCUMENTACI\u00d3 QUE ACTUALMENT ESTIGUIN EN \u00daS.<\/span><\/h3>\n<p>Si vost\u00e8 disposa d&#8217;un vehicle que no ha matriculat fins ara ha de considerar que, si no el matricula ara, posteriorment li ser\u00e0 impossible utilitzar-lo a les vies p\u00fabliques i reduir\u00e0 les seves opcions de venta.<\/p>\n<p><b><a href=\"https:\/\/arcusin.isocialdev.com\/ca\/contacte\/contacto\/\">CONTACTI<\/a> AMB EL SEU FABRICANT I LI FACILITAR\u00c0 LA INFORMACI\u00d3 NECESS\u00c0RIA PER A MATRICULAR ELS SEUS VEHICLES.<\/b><\/p>\n<p><span style=\"color: #ff0000;\"><strong>IMPORTANT!<\/strong> <\/span>Encara que no es puguin matricular, s\u00ed que podran inscriure&#8217;s al Registre Oficial de Maquinaria Agr\u00edcola, per\u00f2 \u00f2bviament no podran circular per les vies p\u00fabliques.<\/p>\n<p>(font: ANSEMAT)<\/p>\n<p>&nbsp;<\/p>\n","protected":false},"excerpt":{"rendered":"<p>El dia\u00a01 de gener de 2019 s&#8217;aplicaran els nous requisits d&#8217;homologaci\u00f3 del Reglament Europeu 167\/2013 que s\u00f3n aplicables a l&#8217;homologaci\u00f3 de remolcs i m\u00e0quines remolcades a Espanya.<\/p>\n","protected":false},"author":156,"featured_media":0,"comment_status":"open","ping_status":"open","sticky":false,"template":"","format":"standard","meta":{"content-type":"","footnotes":""},"categories":[4,384],"tags":[],"class_list":["post-12558","post","type-post","status-publish","format-standard","hentry","category-noticies-ca","category-sobre-agricultura-ca"],"_links":{"self":[{"href":"https:\/\/arcusin.isocialdev.com\/ca\/wp-json\/wp\/v2\/posts\/12558","targetHints":{"allow":["GET"]}}],"collection":[{"href":"https:\/\/arcusin.isocialdev.com\/ca\/wp-json\/wp\/v2\/posts"}],"about":[{"href":"https:\/\/arcusin.isocialdev.com\/ca\/wp-json\/wp\/v2\/types\/post"}],"author":[{"embeddable":true,"href":"https:\/\/arcusin.isocialdev.com\/ca\/wp-json\/wp\/v2\/users\/156"}],"replies":[{"embeddable":true,"href":"https:\/\/arcusin.isocialdev.com\/ca\/wp-json\/wp\/v2\/comments?post=12558"}],"version-history":[{"count":0,"href":"https:\/\/arcusin.isocialdev.com\/ca\/wp-json\/wp\/v2\/posts\/12558\/revisions"}],"wp:attachment":[{"href":"https:\/\/arcusin.isocialdev.com\/ca\/wp-json\/wp\/v2\/media?parent=12558"}],"wp:term":[{"taxonomy":"category","embeddable":true,"href":"https:\/\/arcusin.isocialdev.com\/ca\/wp-json\/wp\/v2\/categories?post=12558"},{"taxonomy":"post_tag","embeddable":true,"href":"https:\/\/arcusin.isocialdev.com\/ca\/wp-json\/wp\/v2\/tags?post=12558"}],"curies":[{"name":"wp","href":"https:\/\/api.w.org\/{rel}","templated":true}]}}