{"id":12556,"date":"2018-09-14T00:00:00","date_gmt":"2018-09-14T00:00:00","guid":{"rendered":"https:\/\/arcusin.isocialdev.com\/lacumulador-forstack-a-la-conquesta-deuropa\/"},"modified":"2023-06-01T10:18:04","modified_gmt":"2023-06-01T10:18:04","slug":"lacumulador-forstack-a-la-conquesta-deuropa","status":"publish","type":"post","link":"https:\/\/arcusin.isocialdev.com\/ca\/lacumulador-forstack-a-la-conquesta-deuropa\/","title":{"rendered":"L&#8217;acumulador ForStack a la conquesta d&#8217;Europa"},"content":{"rendered":"<p><span style=\"font-weight: 400;\">Despr\u00e9s de l\u2019exitosa ruta de demostraci\u00f3 per Fran\u00e7a amb l\u2019acumulador de paques <\/span><b>ForStack<\/b><span style=\"font-weight: 400;\"> durant la campanya de 2017, aquest any es va decidir repetir l&#8217;experi\u00e8ncia, incl\u00fas ampliar-la. Es va decidir visitar, a m\u00e9s de nombrosos clients francesos, a una representaci\u00f3 d\u2019agricultors alemanys, tots ells amb els seus propis camps <\/span><b>en plena \u00e8poca de recol\u00b7lecci\u00f3 de paques<\/b><span style=\"font-weight: 400;\">.<\/span><\/p>\n<p><span style=\"font-weight: 400;\">En aquesta ocasi\u00f3 es tracta de <\/span><b>dues setmanes de recorregut i treball als camps francesos i alemanys<\/b><span style=\"font-weight: 400;\">. Afortunadament, el temps va ser molt benigne amb la qual cosa les condicions van ser id\u00f2nies. Els clients van quedar meravellats al veure la <\/span><b>velocitat i el rendiment<\/b><span style=\"font-weight: 400;\"> d\u2019aquesta m\u00e0quina, la benjamina de l\u2019empresa per\u00f2 ja, despr\u00e9s de tan sols 6 anys de vida, te una gran implementaci\u00f3 al pa\u00eds ve\u00ed.<\/span><\/p>\n<p><span style=\"font-weight: 400;\">Els interessats van tenir l\u2019oportunitat no tan sols de veure-la en ple funcionament en condicions de treball normal, sin\u00f3 de <\/span><b>treballar personalment amb ella<\/b><span style=\"font-weight: 400;\">, comprenent d\u2019aquesta manera la <\/span><b>senzillesa d&#8217;\u00fas que aporta el seu automatisme total<\/b><span style=\"font-weight: 400;\">. Un cop m\u00e9s, la m\u00e0quina v<\/span><b>a triomfar incl\u00fas en les condicions m\u00e9s adverses<\/b><span style=\"font-weight: 400;\">, com terrenys irregulars i escarpats, incl\u00fas <\/span><b>seguint el ritme de fins i tot tres empacadores<\/b><span style=\"font-weight: 400;\">. Es torna a evidenciar que es tracta sense dubte d\u2019una m\u00e0quina que guanya molt en dist\u00e0ncies curtes.<\/span><\/p>\n<p><span style=\"font-weight: 400;\">L\u2019acumulador de paques <\/span><b>ForStack<\/b><span style=\"font-weight: 400;\"> realitza petites piles de 3 a 5 paques, en funci\u00f3 de les seves dimensions, seguint el mateix sentit de les empacadores. Es tracta d\u2019una <\/span><b>m\u00e0quina r\u00e0pida i \u00e0gil <\/b><span style=\"font-weight: 400;\">que porta a terme una tasca espec\u00edfica inc\u00f2moda de fer amb altres m\u00e0quines pensades per altres usos.<\/span><\/p>\n<p>&nbsp;<\/p>\n<p><b>\u00a0<\/b><\/p>\n","protected":false},"excerpt":{"rendered":"<p>Despr\u00e9s de l\u2019exitosa ruta de demostraci\u00f3 per Fran\u00e7a amb l\u2019acumulador de paques ForStack durant la campanya de 2017, aquest any es va decidir repetir l&#8217;experi\u00e8ncia, incl\u00fas ampliar-la. Es va decidir visitar, a m\u00e9s de nombrosos clients francesos, a una representaci\u00f3 d\u2019agricultors alemanys, tots ells amb els seus propis camps en plena \u00e8poca de recol\u00b7lecci\u00f3 de paques.<\/p>\n","protected":false},"author":156,"featured_media":26240,"comment_status":"open","ping_status":"open","sticky":false,"template":"","format":"standard","meta":{"content-type":"","footnotes":""},"categories":[4,384,381,382],"tags":[],"class_list":["post-12556","post","type-post","status-publish","format-standard","has-post-thumbnail","hentry","category-noticies-ca","category-sobre-agricultura-ca","category-sobre-arcussin-ca","category-sobre-les-nostres-maquines"],"_links":{"self":[{"href":"https:\/\/arcusin.isocialdev.com\/ca\/wp-json\/wp\/v2\/posts\/12556","targetHints":{"allow":["GET"]}}],"collection":[{"href":"https:\/\/arcusin.isocialdev.com\/ca\/wp-json\/wp\/v2\/posts"}],"about":[{"href":"https:\/\/arcusin.isocialdev.com\/ca\/wp-json\/wp\/v2\/types\/post"}],"author":[{"embeddable":true,"href":"https:\/\/arcusin.isocialdev.com\/ca\/wp-json\/wp\/v2\/users\/156"}],"replies":[{"embeddable":true,"href":"https:\/\/arcusin.isocialdev.com\/ca\/wp-json\/wp\/v2\/comments?post=12556"}],"version-history":[{"count":0,"href":"https:\/\/arcusin.isocialdev.com\/ca\/wp-json\/wp\/v2\/posts\/12556\/revisions"}],"wp:featuredmedia":[{"embeddable":true,"href":"https:\/\/arcusin.isocialdev.com\/ca\/wp-json\/wp\/v2\/media\/26240"}],"wp:attachment":[{"href":"https:\/\/arcusin.isocialdev.com\/ca\/wp-json\/wp\/v2\/media?parent=12556"}],"wp:term":[{"taxonomy":"category","embeddable":true,"href":"https:\/\/arcusin.isocialdev.com\/ca\/wp-json\/wp\/v2\/categories?post=12556"},{"taxonomy":"post_tag","embeddable":true,"href":"https:\/\/arcusin.isocialdev.com\/ca\/wp-json\/wp\/v2\/tags?post=12556"}],"curies":[{"name":"wp","href":"https:\/\/api.w.org\/{rel}","templated":true}]}}