{"id":12555,"date":"2018-07-17T00:00:00","date_gmt":"2018-07-17T00:00:00","guid":{"rendered":"https:\/\/arcusin.isocialdev.com\/demostracions-a-peu-de-camp-als-paisos-baixos\/"},"modified":"2023-06-01T16:50:07","modified_gmt":"2023-06-01T16:50:07","slug":"demostracions-a-peu-de-camp-als-paisos-baixos","status":"publish","type":"post","link":"https:\/\/arcusin.isocialdev.com\/ca\/demostracions-a-peu-de-camp-als-paisos-baixos\/","title":{"rendered":"Demostracions a peu de camp als Pa\u00efsos Baixos"},"content":{"rendered":"<p><span style=\"font-weight: 400;\">Dins de la intensa activitat comercial pr\u00e8via a la campanya de recollida de paques de farratge, el passat mes de juny <\/span><b>ARCUSIN <\/b><span style=\"font-weight: 400;\">va realitzar unes jornades de demostraci\u00f3 de l\u2019<\/span><b>agrupador de paques petites Multipack C14<\/b><span style=\"font-weight: 400;\"> i l&#8217;<\/span><b>acumulador de paques ForStack<\/b><span style=\"font-weight: 400;\">. El 16 i 17 de juny es van poder veure les m\u00e0quines treballant a B\u00e8lgica, i el 24 de Juny a Holanda. <\/span><b>El nostre col\u00b7laborador dels Pa\u00efsos Baixos va organitzar les jornades per a qu\u00e8 no hi falt\u00e9s res!<\/b><\/p>\n<p><span style=\"font-weight: 400;\">L&#8217;acompliment de les dues m\u00e0quines va sorprendre i despertar l&#8217;inter\u00e8s un\u00e0nime dels nombrosos visitants presents, bastants dels quals havien recorregut llargues dist\u00e0ncies per poder veure les nostres m\u00e0quines en acci\u00f3.<\/span><\/p>\n<p><span style=\"font-weight: 400;\">Afortunadament, el temps va acompanyar durant els 2 caps de setmana i es van poder realitzar diverses demostracions cada dia. Des d\u2019<\/span><b>ARCUSIN<\/b><span style=\"font-weight: 400;\"> estem conven\u00e7uts que, sens dubte, <\/span><b>aquest ser\u00e0 un nou impuls per a la ja creixent introducci\u00f3 de les nostres m\u00e0quines al Benelux<\/b><span style=\"font-weight: 400;\">.<\/span><\/p>\n<p><span style=\"font-weight: 400;\">\u00a0<\/span><\/p>\n","protected":false},"excerpt":{"rendered":"<p>Dins de la intensa activitat comercial pr\u00e8via a la campanya de recollida de paques de farratge, el passat mes de juny ARCUSIN va realitzar unes jornades de demostraci\u00f3 de l\u2019agrupador de paques petites Multipack C14 i l&#8217;acumulador de paques ForStack. El 16 i 17 de juny es van poder veure les m\u00e0quines treballant a B\u00e8lgica, i el 24 de Juny a Holanda. El nostre col\u00b7laborador dels Pa\u00efsos Baixos va organitzar les jornades per a qu\u00e8 no hi falt\u00e9s res!<\/p>\n","protected":false},"author":156,"featured_media":26291,"comment_status":"open","ping_status":"open","sticky":false,"template":"","format":"standard","meta":{"content-type":"","footnotes":""},"categories":[4,384,381],"tags":[],"class_list":["post-12555","post","type-post","status-publish","format-standard","has-post-thumbnail","hentry","category-noticies-ca","category-sobre-agricultura-ca","category-sobre-arcussin-ca"],"_links":{"self":[{"href":"https:\/\/arcusin.isocialdev.com\/ca\/wp-json\/wp\/v2\/posts\/12555","targetHints":{"allow":["GET"]}}],"collection":[{"href":"https:\/\/arcusin.isocialdev.com\/ca\/wp-json\/wp\/v2\/posts"}],"about":[{"href":"https:\/\/arcusin.isocialdev.com\/ca\/wp-json\/wp\/v2\/types\/post"}],"author":[{"embeddable":true,"href":"https:\/\/arcusin.isocialdev.com\/ca\/wp-json\/wp\/v2\/users\/156"}],"replies":[{"embeddable":true,"href":"https:\/\/arcusin.isocialdev.com\/ca\/wp-json\/wp\/v2\/comments?post=12555"}],"version-history":[{"count":0,"href":"https:\/\/arcusin.isocialdev.com\/ca\/wp-json\/wp\/v2\/posts\/12555\/revisions"}],"wp:featuredmedia":[{"embeddable":true,"href":"https:\/\/arcusin.isocialdev.com\/ca\/wp-json\/wp\/v2\/media\/26291"}],"wp:attachment":[{"href":"https:\/\/arcusin.isocialdev.com\/ca\/wp-json\/wp\/v2\/media?parent=12555"}],"wp:term":[{"taxonomy":"category","embeddable":true,"href":"https:\/\/arcusin.isocialdev.com\/ca\/wp-json\/wp\/v2\/categories?post=12555"},{"taxonomy":"post_tag","embeddable":true,"href":"https:\/\/arcusin.isocialdev.com\/ca\/wp-json\/wp\/v2\/tags?post=12555"}],"curies":[{"name":"wp","href":"https:\/\/api.w.org\/{rel}","templated":true}]}}