{"id":12554,"date":"2018-07-16T00:00:00","date_gmt":"2018-07-16T00:00:00","guid":{"rendered":"https:\/\/arcusin.isocialdev.com\/fercam-2018\/"},"modified":"2023-06-01T16:53:32","modified_gmt":"2023-06-01T16:53:32","slug":"fercam-2018","status":"publish","type":"post","link":"https:\/\/arcusin.isocialdev.com\/ca\/fercam-2018\/","title":{"rendered":"FERCAM 2018"},"content":{"rendered":"<p><span style=\"font-weight: 400;\">En un lloc de la Mancha del qual el nom SI me\u2019n vull enrecordar, s\u2019ha celebrat la <\/span><b>58 edici\u00f3 de Fercam 2018<\/b><span style=\"font-weight: 400;\">.<\/span><\/p>\n<p><span style=\"font-weight: 400;\">Com sempre, el temps \u00e9s not\u00edcia i en aquest esdeveniment cal mencionar-lo ja que \u00e9s un factor important per la Fira. Aix\u00ed que aquest any, 4 dels 5 dies de fira, les temperatures van ser agradables i van afavorir l\u2019aflu\u00e8ncia de visitant i el bon desenvolupament del certamen.<\/span><\/p>\n<p><span style=\"font-weight: 400;\">Com cada any un dels m\u00e9s de 200 expositors va ser Arcusin, presentant un dels recol\u00b7lectors de paques grans amb m\u00e9s <\/span><b>projecci\u00f3 de futur<\/b><span style=\"font-weight: 400;\"> com \u00e9s l\u2019acumulador <\/span><b>FORSTACK<\/b><span style=\"font-weight: 400;\">; <\/span><b>una sola persona \u00e9s suficient per moure grans volums de paques diaris<\/b><span style=\"font-weight: 400;\">.<\/span><\/p>\n<p><span style=\"font-weight: 400;\">Al mateix temps, i per proporcionar soluci\u00f3 als productors d\u2019ametlles, olives i fruits secs en general, Arcusin va presentar el <\/span><b>nou model AutoPick GTi amb peladores<\/b><span style=\"font-weight: 400;\">, la seva <\/span><b>fiabilitat i qualitat de vibraci\u00f3<\/b><span style=\"font-weight: 400;\"> \u00e9s ideal per ametllers, festucs i oliveres. M\u00e0quina molt apreciada pel professional gr\u00e0cies a la seva <\/span><b>versatilitat<\/b><span style=\"font-weight: 400;\">.<\/span><\/p>\n<p><span style=\"font-weight: 400;\">Acompanyant al model GTi tamb\u00e9 es va exposar el vibrador <\/span><b>AutoPick MT<\/b><span style=\"font-weight: 400;\">, ideal per tractors de poc cavallatge i que, pel seu disseny i peculiaritat, <\/span><b>\u00e9s capa\u00e7 de vibrar el que per altres vibradors \u00e9s simplement inaccessible<\/b><span style=\"font-weight: 400;\">.<\/span><\/p>\n<p><span style=\"font-weight: 400;\">Seguirem avan\u00e7ant si vost\u00e8 ens segueix escortant.<\/span><\/p>\n","protected":false},"excerpt":{"rendered":"<p>En un lloc de la Mancha del qual el nom SI me\u2019n vull enrecordar, s\u2019ha celebrat la 58 edici\u00f3 de Fercam 2018.<\/p>\n<p>Com sempre, el temps \u00e9s not\u00edcia i en aquest esdeveniment cal mencionar-lo ja que \u00e9s un factor important per la Fira. Aix\u00ed que aquest any, 4 dels 5 dies de fira, les temperatures van ser agradables i van afavorir l\u2019aflu\u00e8ncia de visitant i el bon desenvolupament del certamen.<\/p>\n","protected":false},"author":156,"featured_media":26311,"comment_status":"open","ping_status":"open","sticky":false,"template":"","format":"standard","meta":{"content-type":"","footnotes":""},"categories":[383,4,381],"tags":[],"class_list":["post-12554","post","type-post","status-publish","format-standard","has-post-thumbnail","hentry","category-exhibicions-i-esdeveniments","category-noticies-ca","category-sobre-arcussin-ca"],"_links":{"self":[{"href":"https:\/\/arcusin.isocialdev.com\/ca\/wp-json\/wp\/v2\/posts\/12554","targetHints":{"allow":["GET"]}}],"collection":[{"href":"https:\/\/arcusin.isocialdev.com\/ca\/wp-json\/wp\/v2\/posts"}],"about":[{"href":"https:\/\/arcusin.isocialdev.com\/ca\/wp-json\/wp\/v2\/types\/post"}],"author":[{"embeddable":true,"href":"https:\/\/arcusin.isocialdev.com\/ca\/wp-json\/wp\/v2\/users\/156"}],"replies":[{"embeddable":true,"href":"https:\/\/arcusin.isocialdev.com\/ca\/wp-json\/wp\/v2\/comments?post=12554"}],"version-history":[{"count":0,"href":"https:\/\/arcusin.isocialdev.com\/ca\/wp-json\/wp\/v2\/posts\/12554\/revisions"}],"wp:featuredmedia":[{"embeddable":true,"href":"https:\/\/arcusin.isocialdev.com\/ca\/wp-json\/wp\/v2\/media\/26311"}],"wp:attachment":[{"href":"https:\/\/arcusin.isocialdev.com\/ca\/wp-json\/wp\/v2\/media?parent=12554"}],"wp:term":[{"taxonomy":"category","embeddable":true,"href":"https:\/\/arcusin.isocialdev.com\/ca\/wp-json\/wp\/v2\/categories?post=12554"},{"taxonomy":"post_tag","embeddable":true,"href":"https:\/\/arcusin.isocialdev.com\/ca\/wp-json\/wp\/v2\/tags?post=12554"}],"curies":[{"name":"wp","href":"https:\/\/api.w.org\/{rel}","templated":true}]}}