{"id":12552,"date":"2018-05-25T00:00:00","date_gmt":"2018-05-25T00:00:00","guid":{"rendered":"https:\/\/arcusin.isocialdev.com\/arcusin-primer-fabricant-nacional-en-gestionar-i-aconseguir-un-certificat-dhomologacio-de-tipus-europeu\/"},"modified":"2023-06-01T16:58:59","modified_gmt":"2023-06-01T16:58:59","slug":"arcusin-primer-fabricant-nacional-en-gestionar-i-aconseguir-un-certificat-dhomologacio-de-tipus-europeu","status":"publish","type":"post","link":"https:\/\/arcusin.isocialdev.com\/ca\/arcusin-primer-fabricant-nacional-en-gestionar-i-aconseguir-un-certificat-dhomologacio-de-tipus-europeu\/","title":{"rendered":"ARCUSIN, primer fabricant nacional en gestionar i aconseguir un certificat d\u2019homologaci\u00f3 de tipus Europeu"},"content":{"rendered":"<p><b>ACTUALITZACI\u00d3 AL REGLAMENT EUROPEU 167\/2013<\/b><span style=\"font-weight: 400;\">, relatiu a l\u2019homologaci\u00f3 dels vehicles agr\u00edcoles o forestals.<\/span><\/p>\n<p><span style=\"font-weight: 400;\">Ja fa varis anys que es van comen\u00e7ar a escoltar not\u00edcies relacionades en que el Parlament Europeu estava treballant amb un Reglament per <\/span><b>unificar els criteris d\u2019homologaci\u00f3 dels vehicles agr\u00edcoles i forestals<\/b><span style=\"font-weight: 400;\">.<\/span><\/p>\n<p><b>ARCUSI<\/b><span style=\"font-weight: 400;\">N, empresa dedicada a la fabricaci\u00f3 de maquinaria agr\u00edcola i present a m\u00e9s de 50 pa\u00efsos, <\/span><b>ho va veure com una oportunitat per unificar la lliure comercialitzaci\u00f3<\/b><span style=\"font-weight: 400;\"> dins de la UE i va mostrar molt inter\u00e8s des del primer dia.<\/span><\/p>\n<p><span style=\"font-weight: 400;\">El Reglament (EU) n\u00ba 167\/2013, va entrar en vigor al gener de 2016 i des d\u2019<\/span><b>ARCUSIN<\/b><span style=\"font-weight: 400;\"> hem treballat per adaptar-nos a la nova normativa que ser\u00e0 d\u2019obligat compliment el pr\u00f2xim 1 de gener de 2019 a Espanya.<\/span><\/p>\n<p><b>El passat 2 d\u2019abril de 2018, ARCUSIN ha homologat sota aquest nou marc normatiu l\u2019agrupador de paques MultiPack,<\/b><span style=\"color: #ff0000;\"><b> sent el primer fabricant nacional en gestionar i aconseguir un certificat d\u2019homologaci\u00f3 de tipus Europeu<\/b><\/span><span style=\"font-weight: 400;\">.<\/span><\/p>\n<p><span style=\"font-weight: 400;\">En aquests moments <\/span><b>ARCUSIN<\/b><span style=\"font-weight: 400;\"> est\u00e0 tramitant l\u2019Homologaci\u00f3 Europea del tipus <\/span><b>AutoStack<\/b><span style=\"font-weight: 400;\"> i <\/span><b>ForStack<\/b><span style=\"font-weight: 400;\">, abans de finalitzar el primer semestre del 2018 i d\u2019aquesta manera poder tancar el cercle d\u2019actualitzaci\u00f3 amb aquest Reglament Europeu <\/span><b>oferint a tots els nostres clients de la UE un producte de m\u00e0xima qualitat al complir amb la normativa al m\u00e0xim nivell<\/b><span style=\"font-weight: 400;\">.<\/span><\/p>\n<p><img loading=\"lazy\" decoding=\"async\" class=\"alignnone size-full wp-image-28549\" src=\"https:\/\/arcusin.isocialdev.com\/wp-content\/uploads\/2018\/05\/ARCUSIN-NORMATIVA.jpg\" alt=\"\" width=\"1535\" height=\"1080\" srcset=\"https:\/\/arcusin.isocialdev.com\/wp-content\/uploads\/2018\/05\/ARCUSIN-NORMATIVA.jpg 1535w, https:\/\/arcusin.isocialdev.com\/wp-content\/uploads\/2018\/05\/ARCUSIN-NORMATIVA-600x422.jpg 600w, https:\/\/arcusin.isocialdev.com\/wp-content\/uploads\/2018\/05\/ARCUSIN-NORMATIVA-300x211.jpg 300w, https:\/\/arcusin.isocialdev.com\/wp-content\/uploads\/2018\/05\/ARCUSIN-NORMATIVA-1024x720.jpg 1024w, https:\/\/arcusin.isocialdev.com\/wp-content\/uploads\/2018\/05\/ARCUSIN-NORMATIVA-768x540.jpg 768w\" sizes=\"auto, (max-width: 1535px) 100vw, 1535px\" \/><\/p>\n","protected":false},"excerpt":{"rendered":"<p>ARCUSIN, empresa dedicada a la fabricaci\u00f3 de maquinaria agr\u00edcola i present a m\u00e9s de 50 pa\u00efsos, ho va veure com una oportunitat per unificar la lliure comercialitzaci\u00f3 dins de la UE i va mostrar molt inter\u00e8s des del primer dia.<\/p>\n","protected":false},"author":156,"featured_media":28557,"comment_status":"open","ping_status":"open","sticky":false,"template":"","format":"standard","meta":{"content-type":"","footnotes":""},"categories":[4,384,381,382],"tags":[],"class_list":["post-12552","post","type-post","status-publish","format-standard","has-post-thumbnail","hentry","category-noticies-ca","category-sobre-agricultura-ca","category-sobre-arcussin-ca","category-sobre-les-nostres-maquines"],"_links":{"self":[{"href":"https:\/\/arcusin.isocialdev.com\/ca\/wp-json\/wp\/v2\/posts\/12552","targetHints":{"allow":["GET"]}}],"collection":[{"href":"https:\/\/arcusin.isocialdev.com\/ca\/wp-json\/wp\/v2\/posts"}],"about":[{"href":"https:\/\/arcusin.isocialdev.com\/ca\/wp-json\/wp\/v2\/types\/post"}],"author":[{"embeddable":true,"href":"https:\/\/arcusin.isocialdev.com\/ca\/wp-json\/wp\/v2\/users\/156"}],"replies":[{"embeddable":true,"href":"https:\/\/arcusin.isocialdev.com\/ca\/wp-json\/wp\/v2\/comments?post=12552"}],"version-history":[{"count":0,"href":"https:\/\/arcusin.isocialdev.com\/ca\/wp-json\/wp\/v2\/posts\/12552\/revisions"}],"wp:featuredmedia":[{"embeddable":true,"href":"https:\/\/arcusin.isocialdev.com\/ca\/wp-json\/wp\/v2\/media\/28557"}],"wp:attachment":[{"href":"https:\/\/arcusin.isocialdev.com\/ca\/wp-json\/wp\/v2\/media?parent=12552"}],"wp:term":[{"taxonomy":"category","embeddable":true,"href":"https:\/\/arcusin.isocialdev.com\/ca\/wp-json\/wp\/v2\/categories?post=12552"},{"taxonomy":"post_tag","embeddable":true,"href":"https:\/\/arcusin.isocialdev.com\/ca\/wp-json\/wp\/v2\/tags?post=12552"}],"curies":[{"name":"wp","href":"https:\/\/api.w.org\/{rel}","templated":true}]}}