{"id":12551,"date":"2018-03-13T00:00:00","date_gmt":"2018-03-13T00:00:00","guid":{"rendered":"https:\/\/arcusin.isocialdev.com\/fima-2018\/"},"modified":"2023-06-01T17:04:00","modified_gmt":"2023-06-01T17:04:00","slug":"fima-2018","status":"publish","type":"post","link":"https:\/\/arcusin.isocialdev.com\/ca\/fima-2018\/","title":{"rendered":"Fima 2018"},"content":{"rendered":"<p><span style=\"font-weight: 400;\">Ha finalitzat un dels esdeveniments amb m\u00e9s repercussi\u00f3 al sector agr\u00edcola a nivell mundial: <\/span><b>Fima 2018<\/b><span style=\"font-weight: 400;\">. Totes les grans firmes de la fabricaci\u00f3 de maquin\u00e0ria es donen cita cada dos anys per donar color a aquesta gran fira. A ella els expositors es disputen els millors aven\u00e7os que ens brinda la tecnologia aplicada a la maquin\u00e0ria de camp, amb una finalitat en com\u00fa: <\/span><b>estalviar en costos i guanyar en comoditat<\/b><span style=\"font-weight: 400;\">.<\/span><\/p>\n<p><span style=\"font-weight: 400;\">Entre aquest firmament d&#8217;estrelles de la fabricaci\u00f3 de maquin\u00e0ria es troba <\/span><b>Arcusin<\/b><span style=\"font-weight: 400;\">, aquesta modesta f\u00e0brica amb llarga tradici\u00f3 familiar i que el seu trajecte sorpr\u00e8n a propis i estranys per la seva constant progr\u00e9s, donant sentit a la frase &#8220;<\/span><b>Un cor que batega per tot el M\u00f3n<\/b><span style=\"font-weight: 400;\">&#8220;.<\/span><\/p>\n<p><span style=\"font-weight: 400;\">En aquest certamen <\/span><b>Arcusin<\/b><span style=\"font-weight: 400;\"> ha sorpr\u00e8s amb el <\/span><b>nou disseny del agrupador Multipack C14<\/b><span style=\"font-weight: 400;\">, i el flamant <\/span><b>alineador de paques Linepack<\/b><span style=\"font-weight: 400;\">, que ha estat presentat per primera vegada a <\/span><b>Fima 2018<\/b><span style=\"font-weight: 400;\"> i que com sempre ha rebut l&#8217;afalac del p\u00fablic visitant.<\/span><\/p>\n","protected":false},"excerpt":{"rendered":"<p>Ha finalitzat un dels esdeveniments amb m\u00e9s repercussi\u00f3 al sector agr\u00edcola a nivell mundial: Fima 2018. Totes les grans firmes de la fabricaci\u00f3 de maquin\u00e0ria es donen cita cada dos anys per donar color a aquesta gran fira. A ella els expositors es disputen els millors aven\u00e7os que ens brinda la tecnologia aplicada a la maquin\u00e0ria de camp, amb una finalitat en com\u00fa: estalviar en costos i guanyar en comoditat.<\/p>\n","protected":false},"author":156,"featured_media":28672,"comment_status":"open","ping_status":"open","sticky":false,"template":"","format":"standard","meta":{"content-type":"","footnotes":""},"categories":[4,381,382],"tags":[],"class_list":["post-12551","post","type-post","status-publish","format-standard","has-post-thumbnail","hentry","category-noticies-ca","category-sobre-arcussin-ca","category-sobre-les-nostres-maquines"],"_links":{"self":[{"href":"https:\/\/arcusin.isocialdev.com\/ca\/wp-json\/wp\/v2\/posts\/12551","targetHints":{"allow":["GET"]}}],"collection":[{"href":"https:\/\/arcusin.isocialdev.com\/ca\/wp-json\/wp\/v2\/posts"}],"about":[{"href":"https:\/\/arcusin.isocialdev.com\/ca\/wp-json\/wp\/v2\/types\/post"}],"author":[{"embeddable":true,"href":"https:\/\/arcusin.isocialdev.com\/ca\/wp-json\/wp\/v2\/users\/156"}],"replies":[{"embeddable":true,"href":"https:\/\/arcusin.isocialdev.com\/ca\/wp-json\/wp\/v2\/comments?post=12551"}],"version-history":[{"count":0,"href":"https:\/\/arcusin.isocialdev.com\/ca\/wp-json\/wp\/v2\/posts\/12551\/revisions"}],"wp:featuredmedia":[{"embeddable":true,"href":"https:\/\/arcusin.isocialdev.com\/ca\/wp-json\/wp\/v2\/media\/28672"}],"wp:attachment":[{"href":"https:\/\/arcusin.isocialdev.com\/ca\/wp-json\/wp\/v2\/media?parent=12551"}],"wp:term":[{"taxonomy":"category","embeddable":true,"href":"https:\/\/arcusin.isocialdev.com\/ca\/wp-json\/wp\/v2\/categories?post=12551"},{"taxonomy":"post_tag","embeddable":true,"href":"https:\/\/arcusin.isocialdev.com\/ca\/wp-json\/wp\/v2\/tags?post=12551"}],"curies":[{"name":"wp","href":"https:\/\/api.w.org\/{rel}","templated":true}]}}