{"id":12548,"date":"2017-03-08T00:00:00","date_gmt":"2017-03-08T00:00:00","guid":{"rendered":"https:\/\/arcusin.isocialdev.com\/sima-2017\/"},"modified":"2023-06-01T17:27:00","modified_gmt":"2023-06-01T17:27:00","slug":"sima-2017","status":"publish","type":"post","link":"https:\/\/arcusin.isocialdev.com\/ca\/sima-2017\/","title":{"rendered":"Sima 2017"},"content":{"rendered":"<p>Durant els dies 26 de febrer a 2 de mar\u00e7 va tindre lloc a Villepinte, Par\u00eds, la <strong>SIMA, la fira de maquinaria agr\u00edcola m\u00e9s important de Fran\u00e7a<\/strong>, on es reuneixen les principals marques del sector per presentar les seves novetats amb bones perspectives de cara la campanya.<\/p>\n<p><strong>Arcusin<\/strong> va deixar de banda els seus colors tradicionals per incorporar el blanc i blau, tot fent un gest cap a la bandera francesa.<\/p>\n<p>Aquesta edici\u00f3 tamb\u00e9 va estar marcada per la <strong>consolidaci\u00f3 de l&#8217;acumulador de bales ForStack<\/strong>, m\u00e0quina que est\u00e0 triomfant al mercat ve\u00ed.<\/p>\n<p>Cinc intensos dies que Arcusin va aprofitar per saludar als nombrosos clients i amic i seguir obert al m\u00f3n, doncs un gran nombre de visitant eren estrangers.<\/p>\n<p>&nbsp;<\/p>\n<p>&nbsp;<\/p>\n<p>&nbsp;<\/p>\n\n","protected":false},"excerpt":{"rendered":"<p>Durant els dies 26 de febrer a 2 de mar\u00e7 va tindre lloc a Villepinte, Par\u00eds, la SIMA, la fira de maquinaria agr\u00edcola m\u00e9s important de Fran\u00e7a, on es reuneixen les principals marques del sector per presentar les seves novetats amb bones perspectives de cara la campanya.<\/p>\n","protected":false},"author":156,"featured_media":0,"comment_status":"open","ping_status":"open","sticky":false,"template":"","format":"standard","meta":{"content-type":"","footnotes":""},"categories":[383,4],"tags":[],"class_list":["post-12548","post","type-post","status-publish","format-standard","hentry","category-exhibicions-i-esdeveniments","category-noticies-ca"],"_links":{"self":[{"href":"https:\/\/arcusin.isocialdev.com\/ca\/wp-json\/wp\/v2\/posts\/12548","targetHints":{"allow":["GET"]}}],"collection":[{"href":"https:\/\/arcusin.isocialdev.com\/ca\/wp-json\/wp\/v2\/posts"}],"about":[{"href":"https:\/\/arcusin.isocialdev.com\/ca\/wp-json\/wp\/v2\/types\/post"}],"author":[{"embeddable":true,"href":"https:\/\/arcusin.isocialdev.com\/ca\/wp-json\/wp\/v2\/users\/156"}],"replies":[{"embeddable":true,"href":"https:\/\/arcusin.isocialdev.com\/ca\/wp-json\/wp\/v2\/comments?post=12548"}],"version-history":[{"count":0,"href":"https:\/\/arcusin.isocialdev.com\/ca\/wp-json\/wp\/v2\/posts\/12548\/revisions"}],"wp:attachment":[{"href":"https:\/\/arcusin.isocialdev.com\/ca\/wp-json\/wp\/v2\/media?parent=12548"}],"wp:term":[{"taxonomy":"category","embeddable":true,"href":"https:\/\/arcusin.isocialdev.com\/ca\/wp-json\/wp\/v2\/categories?post=12548"},{"taxonomy":"post_tag","embeddable":true,"href":"https:\/\/arcusin.isocialdev.com\/ca\/wp-json\/wp\/v2\/tags?post=12548"}],"curies":[{"name":"wp","href":"https:\/\/api.w.org\/{rel}","templated":true}]}}