{"id":12545,"date":"2017-05-08T00:00:00","date_gmt":"2017-05-08T00:00:00","guid":{"rendered":"https:\/\/arcusin.isocialdev.com\/fira-lerma-2017\/"},"modified":"2023-06-01T17:25:00","modified_gmt":"2023-06-01T17:25:00","slug":"fira-lerma-2017","status":"publish","type":"post","link":"https:\/\/arcusin.isocialdev.com\/ca\/fira-lerma-2017\/","title":{"rendered":"Fira Lerma 2017"},"content":{"rendered":"<div>\n<p><b>Fira de Lerma<\/b>; la imprevisible, la sorprenent, la fascinant, la que ens omple la maleta de roba, mai saps si far\u00e0 fred o calor o les dues coses. Aquest any ha tocat la pitjor versi\u00f3 per als expositors: <b>fred, vent i pluja<\/b>, per\u00f2 malgrat tot un p\u00fablic fidel va assistir amb aparent normalitat.<\/p>\n<p><b>Faci fred o calor,<\/b> <b>Arcusin va estar present mostrant els seus models m\u00e9s actuals dels quals va destacar el nou acumulador Forstack 12, el qual va aglutinar la majoria de les consultes.<\/b><\/p>\n<p>La part negativa \u00e9s la <b>gran sequera que pateix Castella Lle\u00f3<\/b>, encara que els que veuen el got mig ple pensen que aix\u00f2 no \u00e9s dolent si serveix per vendre a bon preu els grans estocs que es van acumular la campanya anterior, &#8220;<b>no hi ha mal que per b\u00e9 no vingui<\/b>&#8220;, aix\u00f2 juntament amb les quatre gotes que van caure avivant les poques esperances de reanimar una campanya perduda van donar lloc a un final de fira enigm\u00e0tic.<\/p>\n<p>&nbsp;<\/p>\n<div><\/div>\n<div><\/div>\n<\/div>\n","protected":false},"excerpt":{"rendered":"<p>Fira de Lerma; la imprevisible, la sorprenent, la fascinant, la que ens omple la maleta de roba, mai saps si far\u00e0 fred o calor o les dues coses. Aquest any ha tocat la pitjor versi\u00f3 per als expositors: fred, vent i pluja, per\u00f2 malgrat tot un p\u00fablic fidel va assistir amb aparent normalitat.<\/p>\n","protected":false},"author":156,"featured_media":31476,"comment_status":"open","ping_status":"open","sticky":false,"template":"","format":"standard","meta":{"content-type":"","footnotes":""},"categories":[383,4],"tags":[274,277,278,279,280,281,283,263,287,269,273],"class_list":["post-12545","post","type-post","status-publish","format-standard","has-post-thumbnail","hentry","category-exhibicions-i-esdeveniments","category-noticies-ca","tag-acumulador-pacas","tag-agrupador-pacas","tag-apilador","tag-autochargeuse","tag-bale-handling","tag-empileur","tag-forraje","tag-maquinaria-agricola","tag-remorque","tag-stacker","tag-vibradores-recolectores"],"_links":{"self":[{"href":"https:\/\/arcusin.isocialdev.com\/ca\/wp-json\/wp\/v2\/posts\/12545","targetHints":{"allow":["GET"]}}],"collection":[{"href":"https:\/\/arcusin.isocialdev.com\/ca\/wp-json\/wp\/v2\/posts"}],"about":[{"href":"https:\/\/arcusin.isocialdev.com\/ca\/wp-json\/wp\/v2\/types\/post"}],"author":[{"embeddable":true,"href":"https:\/\/arcusin.isocialdev.com\/ca\/wp-json\/wp\/v2\/users\/156"}],"replies":[{"embeddable":true,"href":"https:\/\/arcusin.isocialdev.com\/ca\/wp-json\/wp\/v2\/comments?post=12545"}],"version-history":[{"count":0,"href":"https:\/\/arcusin.isocialdev.com\/ca\/wp-json\/wp\/v2\/posts\/12545\/revisions"}],"wp:featuredmedia":[{"embeddable":true,"href":"https:\/\/arcusin.isocialdev.com\/ca\/wp-json\/wp\/v2\/media\/31476"}],"wp:attachment":[{"href":"https:\/\/arcusin.isocialdev.com\/ca\/wp-json\/wp\/v2\/media?parent=12545"}],"wp:term":[{"taxonomy":"category","embeddable":true,"href":"https:\/\/arcusin.isocialdev.com\/ca\/wp-json\/wp\/v2\/categories?post=12545"},{"taxonomy":"post_tag","embeddable":true,"href":"https:\/\/arcusin.isocialdev.com\/ca\/wp-json\/wp\/v2\/tags?post=12545"}],"curies":[{"name":"wp","href":"https:\/\/api.w.org\/{rel}","templated":true}]}}